{"id":5755,"date":"2012-10-29T14:37:07","date_gmt":"2012-10-29T13:37:07","guid":{"rendered":"https:\/\/wp.muchomaas.com\/mort-d-un-grand-de-la-soul5755\/"},"modified":"2023-06-23T23:12:37","modified_gmt":"2023-06-23T21:12:37","slug":"mort-d-un-grand-de-la-soul5755","status":"publish","type":"post","link":"https:\/\/archives.regards.fr\/?p=5755","title":{"rendered":"Mort d&#8217;un grand de la soul"},"content":{"rendered":"<p>L\u2019immense musicien Terry Callier nous a quitt\u00e9 le 28 octobre. Par de nombreux aspects, son parcours et sa carri\u00e8re incarnent l\u2019antith\u00e8se scrupuleuse de James Brown. Loin de l\u2019assurance m\u00e9galomane du \u00ab\u00a0Parrain de la soul\u00a0\u00bb,  ce v\u00e9n\u00e9rable Kabbaliste du Blues semblait presque s\u2019excuser de son talent. Surtout, sa production s\u2019\u00e9tait mise au diapason de sa discr\u00e9tion naturelle (malgr\u00e9 le puissant hommage constamment rendu \u00e0 son r\u00e9pertoire s\u00e9minal par le hip-hop, via notamment les samples). Le gros de son \u0153uvre se condense en effet dans 3 albums (contre 85 pour \u00ab\u00a0Mr. Dynamite\u00a0\u00bb) publi\u00e9s par Cadet rcd, le dernier en 1973. Il ne se d\u00e9cida \u00e0 retourner en studio qu\u2019en 1997, d\u00e9laissant enfin son \u00ab\u00a0modeste\u00a0\u00bb poste d\u2019informaticien dans le service social d\u2019une universit\u00e9 de Chicago. Pour s\u2019initier \u00e0 l\u2019univers de cette figure atypique de la musique black US, la compilation \u00ab\u00a0Essential\u00a0\u00bb constitue un tr\u00e8s bon d\u00e9but. Elle retrace en 17 titres le meilleur d\u2019un artiste hors norme, rebelle aux \u00e9tiquettes, dont les \u00e9piphanies musicales associent rythm\u2019n\u2019blues m\u00e9lancolique et po\u00e8mes folk, parfois assez proches en \u00ab\u00a0black\u00a0\u00bb des meilleurs moments de Bob Dylan. <\/p>\n<p>Terry Callier, <strong> <em>Essential, the very best of<\/em> <\/strong> (Universal)<br \/>\n\u00c0 \u00e9couter ce soir \u00e0 19h30, un hommage Terry Callier sur Fip et sur www.fipradio.fr\/<div id='gallery-1' class='gallery galleryid-5755 gallery-columns-3 gallery-size-thumbnail'><figure class='gallery-item'>\n\t\t\t<div class='gallery-icon landscape'>\n\t\t\t\t<a href='https:\/\/archives.regards.fr\/wp-content\/uploads\/2012\/10\/soul-327.jpg'><img loading=\"lazy\" decoding=\"async\" width=\"150\" height=\"150\" src=\"https:\/\/archives.regards.fr\/wp-content\/uploads\/2012\/10\/soul-327-150x150.jpg\" class=\"attachment-thumbnail size-thumbnail\" alt=\"Mort d&#039;un grand de la soul\" aria-describedby=\"gallery-1-17065\" \/><\/a>\n\t\t\t<\/div>\n\t\t\t\t<figcaption class='wp-caption-text gallery-caption' id='gallery-1-17065'>\n\t\t\t\tMort d&#8217;un grand de la soul\n\t\t\t\t<\/figcaption><\/figure>\n\t\t<\/div>\n<\/p>\n","protected":false},"excerpt":{"rendered":"<p>L\u2019immense musicien Terry Callier nous a quitt\u00e9 le 28 octobre. Par de nombreux aspects, son parcours et sa carri\u00e8re incarnent l\u2019antith\u00e8se scrupuleuse de James Brown. Loin de l\u2019assurance m\u00e9galomane du \u00ab\u00a0Parrain de la soul\u00a0\u00bb, ce v\u00e9n\u00e9rable Kabbaliste du Blues semblait presque s\u2019excuser de son talent. Surtout, sa production s\u2019\u00e9tait mise au diapason de sa discr\u00e9tion [&hellip;]<\/p>\n","protected":false},"author":579,"featured_media":17065,"comment_status":"open","ping_status":"open","sticky":false,"template":"","format":"standard","meta":{"_themeisle_gutenberg_block_has_review":false,"footnotes":""},"categories":[141],"tags":[],"class_list":["post-5755","post","type-post","status-publish","format-standard","has-post-thumbnail","hentry","category-archives-web"],"_links":{"self":[{"href":"https:\/\/archives.regards.fr\/index.php?rest_route=\/wp\/v2\/posts\/5755","targetHints":{"allow":["GET"]}}],"collection":[{"href":"https:\/\/archives.regards.fr\/index.php?rest_route=\/wp\/v2\/posts"}],"about":[{"href":"https:\/\/archives.regards.fr\/index.php?rest_route=\/wp\/v2\/types\/post"}],"author":[{"embeddable":true,"href":"https:\/\/archives.regards.fr\/index.php?rest_route=\/wp\/v2\/users\/579"}],"replies":[{"embeddable":true,"href":"https:\/\/archives.regards.fr\/index.php?rest_route=%2Fwp%2Fv2%2Fcomments&post=5755"}],"version-history":[{"count":0,"href":"https:\/\/archives.regards.fr\/index.php?rest_route=\/wp\/v2\/posts\/5755\/revisions"}],"wp:featuredmedia":[{"embeddable":true,"href":"https:\/\/archives.regards.fr\/index.php?rest_route=\/wp\/v2\/media\/17065"}],"wp:attachment":[{"href":"https:\/\/archives.regards.fr\/index.php?rest_route=%2Fwp%2Fv2%2Fmedia&parent=5755"}],"wp:term":[{"taxonomy":"category","embeddable":true,"href":"https:\/\/archives.regards.fr\/index.php?rest_route=%2Fwp%2Fv2%2Fcategories&post=5755"},{"taxonomy":"post_tag","embeddable":true,"href":"https:\/\/archives.regards.fr\/index.php?rest_route=%2Fwp%2Fv2%2Ftags&post=5755"}],"curies":[{"name":"wp","href":"https:\/\/api.w.org\/{rel}","templated":true}]}}