{"id":5752,"date":"2012-10-29T12:04:07","date_gmt":"2012-10-29T11:04:07","guid":{"rendered":"https:\/\/wp.muchomaas.com\/vous-etes-hellemois-d-origine5752\/"},"modified":"2023-06-23T23:12:37","modified_gmt":"2023-06-23T21:12:37","slug":"vous-etes-hellemois-d-origine5752","status":"publish","type":"post","link":"https:\/\/archives.regards.fr\/?p=5752","title":{"rendered":"&#8220;Vous \u00eates hellemmois d&#8217;origine?&#8221;"},"content":{"rendered":"<p class=\"post_excerpt\">Samedi, dans le Nord de la France, une manifestation anti-roms a failli tourner au lynchage d&#8217;\u00e9lu. <\/p>\n<p>Samedi 27 octobre, dans la ville d&#8217;Hellemmes (environ 18 000 habitants) banlieue de Lille, entre 100 et 200 personnes ont manifest\u00e9 pour protester contre l&#8217;implantation d&#8217;un village d&#8217;insertion destin\u00e9 \u00e0 cinq familles Roms. A cette occasion, le cort\u00e8ge s&#8217;est rendu en mairie et les manifestants s&#8217;en sont violemment pris au maire (PS) de la commune, Fr\u00e9d\u00e9ric Marchand. Apr\u00e8s avoir tent\u00e9 de dialoguer avec des citoyens qui lui reprochaient au passage de ne pas \u00eatre &#8220;<em>hellemmois d&#8217;origine<\/em>&#8221; et de ne pas savoir &#8220;<em>ce qu&#8217;est le patrimoine<\/em>&#8220;, l&#8217;\u00e9lu a battu en retraite sous les menaces et les hu\u00e9es.<\/p>\n<p><iframe loading=\"lazy\" frameborder=\"0\" width=\"460\" height=\"259\" src=\"http:\/\/www.dailymotion.com\/embed\/video\/xun933\"><\/iframe><br clear=\"all\"><\/p>\n<p>Le quotidien <em>Nord-\u00e9clair<\/em> indiquait hier sur son site que suite \u00e0 cette manif, <a href=\"http:\/\/www.nordeclair.fr\/info-locale\/hellemmes-la-reunion-de-mardi-sur-le-village-d-insertion-ia0b0n88370\">la r\u00e9union publique sur ce projet d&#8217;implantation, pr\u00e9vue demain mardi, \u00e9tait finalement report\u00e9e<\/a>.<\/p>\n<p>Racisme, haine de l&#8217;autre, entre-soi mortif\u00e8re&#8230; et l&#8217;ombre port\u00e9e du discours de l&#8217;extr\u00eame-doite. Un air du temps. R\u00e9alis\u00e9e et mise en ligne par la r\u00e9daction de <em>Nord-\u00e9clair<\/em>, cette vid\u00e9o montre en moins de 7 minutes \u00e0 quoi peut parfois ressembler la France en ce d\u00e9but de 3\u00e8me mill\u00e9naire. <\/p>\n<div id='gallery-1' class='gallery galleryid-5752 gallery-columns-3 gallery-size-thumbnail'><figure class='gallery-item'>\n\t\t\t<div class='gallery-icon landscape'>\n\t\t\t\t<a href='https:\/\/archives.regards.fr\/wp-content\/uploads\/2012\/10\/helm-3-557.jpg'><img loading=\"lazy\" decoding=\"async\" width=\"150\" height=\"150\" src=\"https:\/\/archives.regards.fr\/wp-content\/uploads\/2012\/10\/helm-3-557-150x150.jpg\" class=\"attachment-thumbnail size-thumbnail\" alt=\"&quot;Vous \u00eates hellemmois d&#039;origine?&quot;\" aria-describedby=\"gallery-1-17057\" \/><\/a>\n\t\t\t<\/div>\n\t\t\t\t<figcaption class='wp-caption-text gallery-caption' id='gallery-1-17057'>\n\t\t\t\t&#8220;Vous \u00eates hellemmois d&#8217;origine?&#8221;\n\t\t\t\t<\/figcaption><\/figure>\n\t\t<\/div>\n\n","protected":false},"excerpt":{"rendered":"<p>Samedi, dans le Nord de la France, une manifestation anti-roms a failli tourner au lynchage d&#8217;\u00e9lu. <\/p>\n","protected":false},"author":643,"featured_media":17057,"comment_status":"open","ping_status":"open","sticky":false,"template":"","format":"standard","meta":{"_themeisle_gutenberg_block_has_review":false,"footnotes":""},"categories":[279],"tags":[350],"class_list":["post-5752","post","type-post","status-publish","format-standard","has-post-thumbnail","hentry","category-videos","tag-racisme"],"_links":{"self":[{"href":"https:\/\/archives.regards.fr\/index.php?rest_route=\/wp\/v2\/posts\/5752","targetHints":{"allow":["GET"]}}],"collection":[{"href":"https:\/\/archives.regards.fr\/index.php?rest_route=\/wp\/v2\/posts"}],"about":[{"href":"https:\/\/archives.regards.fr\/index.php?rest_route=\/wp\/v2\/types\/post"}],"author":[{"embeddable":true,"href":"https:\/\/archives.regards.fr\/index.php?rest_route=\/wp\/v2\/users\/643"}],"replies":[{"embeddable":true,"href":"https:\/\/archives.regards.fr\/index.php?rest_route=%2Fwp%2Fv2%2Fcomments&post=5752"}],"version-history":[{"count":0,"href":"https:\/\/archives.regards.fr\/index.php?rest_route=\/wp\/v2\/posts\/5752\/revisions"}],"wp:featuredmedia":[{"embeddable":true,"href":"https:\/\/archives.regards.fr\/index.php?rest_route=\/wp\/v2\/media\/17057"}],"wp:attachment":[{"href":"https:\/\/archives.regards.fr\/index.php?rest_route=%2Fwp%2Fv2%2Fmedia&parent=5752"}],"wp:term":[{"taxonomy":"category","embeddable":true,"href":"https:\/\/archives.regards.fr\/index.php?rest_route=%2Fwp%2Fv2%2Fcategories&post=5752"},{"taxonomy":"post_tag","embeddable":true,"href":"https:\/\/archives.regards.fr\/index.php?rest_route=%2Fwp%2Fv2%2Ftags&post=5752"}],"curies":[{"name":"wp","href":"https:\/\/api.w.org\/{rel}","templated":true}]}}