{"id":5745,"date":"2012-10-26T10:14:16","date_gmt":"2012-10-26T08:14:16","guid":{"rendered":"https:\/\/wp.muchomaas.com\/au-mepris-des-pauvres5745\/"},"modified":"2012-10-26T10:14:16","modified_gmt":"2012-10-26T08:14:16","slug":"au-mepris-des-pauvres5745","status":"publish","type":"post","link":"https:\/\/archives.regards.fr\/?p=5745","title":{"rendered":"Au m\u00e9pris des pauvres"},"content":{"rendered":"<p>Georges Corm est un \u00e9minent sp\u00e9cialiste du Proche-Orient. Il en a par-dessus la jambe du vocabulaire qu\u2019il dit <em>\u00ab aseptis\u00e9 \u00bb<\/em> des frappes, des dommages collat\u00e9raux ou de la lutte contre le terrorisme. Et il n\u2019aime pas que l\u2019on confonde les sympt\u00f4mes et les maux r\u00e9els, ou le pr\u00e9texte et la cause. En bref, il en a marre des <em>\u00ab fanatismes civilisationnels \u00bb<\/em> et d\u2019un occidentalisme qui fonctionne d\u2019abord au m\u00e9pris des pauvres. Dans son livre, il est question de repr\u00e9sentations biais\u00e9es, de manipulations m\u00e9morielles et de droit \u00e0 g\u00e9om\u00e9trie variable. Et du refus de confondre la r\u00e9gression islamique et un Islam, dont il souhaite voir rena\u00eetre la libert\u00e9 originelle d\u2019ex\u00e9g\u00e8se du texte sacr\u00e9, et donc de possible tol\u00e9rance. Dans le contexte actuel, le rappel est salutaire. M\u00eame s\u2019il lui arrive de sous-estimer ce qu\u2019un kantisme doctrinaire ou un la\u00efcisme \u00e9troit peut porter de responsabilit\u00e9 dans le d\u00e9clin du parti pris la\u00efque.<\/p>\n<p><em>Pour une lecture profane des conflits<\/em>, de Georges Corm,  \u00e9d. La D\u00e9couverte, 275 p., 19,50 \u20ac<\/p>\n","protected":false},"excerpt":{"rendered":"<p>Georges Corm est un \u00e9minent sp\u00e9cialiste du Proche-Orient. Il en a par-dessus la jambe du vocabulaire qu\u2019il dit \u00ab aseptis\u00e9 \u00bb des frappes, des dommages collat\u00e9raux ou de la lutte contre le terrorisme. Et il n\u2019aime pas que l\u2019on confonde les sympt\u00f4mes et les maux r\u00e9els, ou le pr\u00e9texte et la cause. En bref, il [&hellip;]<\/p>\n","protected":false},"author":328,"featured_media":17036,"comment_status":"open","ping_status":"open","sticky":false,"template":"","format":"standard","meta":{"_themeisle_gutenberg_block_has_review":false,"footnotes":""},"categories":[111],"tags":[],"class_list":["post-5745","post","type-post","status-publish","format-standard","has-post-thumbnail","hentry","category-nos-selections"],"_links":{"self":[{"href":"https:\/\/archives.regards.fr\/index.php?rest_route=\/wp\/v2\/posts\/5745","targetHints":{"allow":["GET"]}}],"collection":[{"href":"https:\/\/archives.regards.fr\/index.php?rest_route=\/wp\/v2\/posts"}],"about":[{"href":"https:\/\/archives.regards.fr\/index.php?rest_route=\/wp\/v2\/types\/post"}],"author":[{"embeddable":true,"href":"https:\/\/archives.regards.fr\/index.php?rest_route=\/wp\/v2\/users\/328"}],"replies":[{"embeddable":true,"href":"https:\/\/archives.regards.fr\/index.php?rest_route=%2Fwp%2Fv2%2Fcomments&post=5745"}],"version-history":[{"count":0,"href":"https:\/\/archives.regards.fr\/index.php?rest_route=\/wp\/v2\/posts\/5745\/revisions"}],"wp:featuredmedia":[{"embeddable":true,"href":"https:\/\/archives.regards.fr\/index.php?rest_route=\/wp\/v2\/media\/17036"}],"wp:attachment":[{"href":"https:\/\/archives.regards.fr\/index.php?rest_route=%2Fwp%2Fv2%2Fmedia&parent=5745"}],"wp:term":[{"taxonomy":"category","embeddable":true,"href":"https:\/\/archives.regards.fr\/index.php?rest_route=%2Fwp%2Fv2%2Fcategories&post=5745"},{"taxonomy":"post_tag","embeddable":true,"href":"https:\/\/archives.regards.fr\/index.php?rest_route=%2Fwp%2Fv2%2Ftags&post=5745"}],"curies":[{"name":"wp","href":"https:\/\/api.w.org\/{rel}","templated":true}]}}