{"id":5743,"date":"2012-10-25T18:14:47","date_gmt":"2012-10-25T16:14:47","guid":{"rendered":"https:\/\/wp.muchomaas.com\/modeles-au-theatre-du-rond-point5743\/"},"modified":"2012-10-25T18:14:47","modified_gmt":"2012-10-25T16:14:47","slug":"modeles-au-theatre-du-rond-point5743","status":"publish","type":"post","link":"https:\/\/archives.regards.fr\/?p=5743","title":{"rendered":"Mod\u00e8les, au Th\u00e9\u00e2tre du Rond-Point"},"content":{"rendered":"<p>En sortant de la salle, un groupe de spectateurs s&#8217;\u00e9tonne : <em>\u00abc&#8217;est quand m\u00eame tr\u00e8s f\u00e9ministe !\u00bb<\/em>. Assur\u00e9ment. Ce n&#8217;\u00e9tait pourtant pas le parti pris de d\u00e9part de la r\u00e9alisatrice Pauline Bureau et des com\u00e9diennes qui ont imagin\u00e9 <em>Mod\u00e8les<\/em>. Cette cr\u00e9ation \u00e0 partir de morceaux de v\u00e9cu et d&#8217;\u00e9crits de Marguerite Duras, Pierre Bourdieu ou Virginie Despentes se r\u00e9v\u00e8le comme un plaidoyer vivant pour la libe\u00e9ration des femmes, leurs plaisirs, leurs d\u00e9sirs, leur vie quotidienne. Mod\u00e8les est l&#8217;expression d&#8217;une col\u00e8re contre une promesse d&#8217;\u00e9galit\u00e9 non tenue dans le monde r\u00e9el. Et un appel \u00e0 se tenir debout pour cheminer vers la fin du r\u00e9gime de la domination masculine. 1h45 de th\u00e9\u00e2tre qui se r\u00e9v\u00e8le plus puissante que bien des discours. Un r\u00e9gal.<\/p>\n<p><em> <strong>Mod\u00e8les<\/strong> <\/em> de Pauline Bureau, jusqu&#8217;au 10 novembre au <a href=\"http:\/\/2012-2013.theatredurondpoint.fr\/saison\/fiche_spectacle.cfm\/127936-modeles.html\">Th\u00e9\u00e2tre du Rond-Point<\/a> \u00e0 Paris puis en tourn\u00e9e en France.<\/p>\n","protected":false},"excerpt":{"rendered":"<p>En sortant de la salle, un groupe de spectateurs s&#8217;\u00e9tonne : \u00abc&#8217;est quand m\u00eame tr\u00e8s f\u00e9ministe !\u00bb. Assur\u00e9ment. Ce n&#8217;\u00e9tait pourtant pas le parti pris de d\u00e9part de la r\u00e9alisatrice Pauline Bureau et des com\u00e9diennes qui ont imagin\u00e9 Mod\u00e8les. Cette cr\u00e9ation \u00e0 partir de morceaux de v\u00e9cu et d&#8217;\u00e9crits de Marguerite Duras, Pierre Bourdieu ou [&hellip;]<\/p>\n","protected":false},"author":570,"featured_media":17026,"comment_status":"open","ping_status":"open","sticky":false,"template":"","format":"standard","meta":{"_themeisle_gutenberg_block_has_review":false,"footnotes":""},"categories":[111],"tags":[405],"class_list":["post-5743","post","type-post","status-publish","format-standard","has-post-thumbnail","hentry","category-nos-selections","tag-theatre"],"_links":{"self":[{"href":"https:\/\/archives.regards.fr\/index.php?rest_route=\/wp\/v2\/posts\/5743","targetHints":{"allow":["GET"]}}],"collection":[{"href":"https:\/\/archives.regards.fr\/index.php?rest_route=\/wp\/v2\/posts"}],"about":[{"href":"https:\/\/archives.regards.fr\/index.php?rest_route=\/wp\/v2\/types\/post"}],"author":[{"embeddable":true,"href":"https:\/\/archives.regards.fr\/index.php?rest_route=\/wp\/v2\/users\/570"}],"replies":[{"embeddable":true,"href":"https:\/\/archives.regards.fr\/index.php?rest_route=%2Fwp%2Fv2%2Fcomments&post=5743"}],"version-history":[{"count":0,"href":"https:\/\/archives.regards.fr\/index.php?rest_route=\/wp\/v2\/posts\/5743\/revisions"}],"wp:featuredmedia":[{"embeddable":true,"href":"https:\/\/archives.regards.fr\/index.php?rest_route=\/wp\/v2\/media\/17026"}],"wp:attachment":[{"href":"https:\/\/archives.regards.fr\/index.php?rest_route=%2Fwp%2Fv2%2Fmedia&parent=5743"}],"wp:term":[{"taxonomy":"category","embeddable":true,"href":"https:\/\/archives.regards.fr\/index.php?rest_route=%2Fwp%2Fv2%2Fcategories&post=5743"},{"taxonomy":"post_tag","embeddable":true,"href":"https:\/\/archives.regards.fr\/index.php?rest_route=%2Fwp%2Fv2%2Ftags&post=5743"}],"curies":[{"name":"wp","href":"https:\/\/api.w.org\/{rel}","templated":true}]}}