{"id":5741,"date":"2012-10-30T09:41:05","date_gmt":"2012-10-30T08:41:05","guid":{"rendered":"https:\/\/wp.muchomaas.com\/reinventer-la-gauche5741\/"},"modified":"2023-06-23T23:12:34","modified_gmt":"2023-06-23T21:12:34","slug":"reinventer-la-gauche5741","status":"publish","type":"post","link":"https:\/\/archives.regards.fr\/?p=5741","title":{"rendered":"Refondre la gauche : la le\u00e7on de Michel Foucault"},"content":{"rendered":"<p>Michel Foucault ne s\u2019est pas \u00ab droitis\u00e9 \u00bb \u00e0 la fin de sa vie, comme certains lecteurs de <em>Naissance de la biopolitique<\/em> ont pu le penser, il a pris au s\u00e9rieux le n\u00e9olib\u00e9ralisme. Nuance. Au lieu d\u2019y voir une id\u00e9ologie conservatrice ou r\u00e9actionnaire, le philosophe a saisi ce qu\u2019elle produisait en termes de rupture. Dans <em>La derni\u00e8re le\u00e7on de Michel Foucault<\/em>, Geoffroy de Lagasnerie pointe les potentialit\u00e9s d\u2019une telle approche pour renouveler la grammaire critique \u00e0 gauche. Un renouvellement dont celle-ci a bien besoin. <em>\u00ab La gauche, et notamment la gauche radicale, a \u00e9t\u00e9 comme d\u00e9sorient\u00e9e, sid\u00e9r\u00e9e, d\u00e9sempar\u00e9e par l\u2019av\u00e8nement du n\u00e9olib\u00e9ralisme. Elle s\u2019est retrouv\u00e9e comme d\u00e9munie devant l\u2019irruption de ce nouveau paradigme \u00bb<\/em>, affirme l\u2019auteur, d\u00e9plorant une crise g\u00e9n\u00e9rale de la capacit\u00e9 d\u2019imagination, une paralysie des facult\u00e9s intellectuelles, voire un anti-intellectualisme. <\/p>\n<p>Qu\u2019est-ce qui pointe derri\u00e8re la critique traditionnelle de l\u2019individualisme et de l\u2019\u00e9go\u00efsme des march\u00e9s ? Un \u00e9loge de l\u2019ordre, de la r\u00e9gulation, de la norme collective, des transcendances institutionnelles, des pulsions autoritaires. Pour Geoffroy de Lagasnerie, la plong\u00e9e foucaldienne dans les th\u00e9ories n\u00e9olib\u00e9rales permet d\u2019ouvrir les imaginaires. Car que fait le philosophe sinon <em>\u00ab lib\u00e9rer la pens\u00e9e des incantations, des \u00e9nonc\u00e9s en forme de slogans sempiternellement utilis\u00e9s pour d\u00e9noncer les m\u00e9faits du n\u00e9olib\u00e9ralisme mais qui servaient d\u00e9j\u00e0 pour disqualifier le lib\u00e9ralisme classique et m\u00eame le capitalisme \u00bb <\/em> ? Signalons au passage, avec la parution le 8 novembre de <em>Du gouvernement des vivants<\/em>, la poursuite de la publication au Seuil des cours de Michel Foucault au Coll\u00e8ge de France. Un appel n\u00e9cessaire \u00e0 r\u00e9inventer la gauche.  <\/p>\n<p><em>La derni\u00e8re le\u00e7on de Michel Foucault. Sur le n\u00e9olib\u00e9ralisme, la th\u00e9orie et la politique<\/em>, de Geoffroy de Lagasnerie, \u00e9d. Fayard, 190 p., 17 euros<\/p>\n<p><em>Du gouvernement des vivants. Cours au Coll\u00e8ge de France (1979-1980)<\/em>, de Michel Foucault, \u00e9d. Seuil, 355 p., 26 euros (\u00e0 para\u00eetre le 8 novembre).<div id='gallery-1' class='gallery galleryid-5741 gallery-columns-3 gallery-size-thumbnail'><figure class='gallery-item'>\n\t\t\t<div class='gallery-icon landscape'>\n\t\t\t\t<a href='https:\/\/archives.regards.fr\/wp-content\/uploads\/2012\/10\/fouc-847.jpg'><img loading=\"lazy\" decoding=\"async\" width=\"150\" height=\"150\" src=\"https:\/\/archives.regards.fr\/wp-content\/uploads\/2012\/10\/fouc-847-150x150.jpg\" class=\"attachment-thumbnail size-thumbnail\" alt=\"Refondre la gauche : la le\u00e7on de Michel Foucault\" aria-describedby=\"gallery-1-17020\" \/><\/a>\n\t\t\t<\/div>\n\t\t\t\t<figcaption class='wp-caption-text gallery-caption' id='gallery-1-17020'>\n\t\t\t\tRefondre la gauche : la le\u00e7on de Michel Foucault\n\t\t\t\t<\/figcaption><\/figure>\n\t\t<\/div>\n<\/p>\n","protected":false},"excerpt":{"rendered":"<p>Michel Foucault ne s\u2019est pas \u00ab droitis\u00e9 \u00bb \u00e0 la fin de sa vie, comme certains lecteurs de Naissance de la biopolitique ont pu le penser, il a pris au s\u00e9rieux le n\u00e9olib\u00e9ralisme. Nuance. Au lieu d\u2019y voir une id\u00e9ologie conservatrice ou r\u00e9actionnaire, le philosophe a saisi ce qu\u2019elle produisait en termes de rupture. Dans [&hellip;]<\/p>\n","protected":false},"author":573,"featured_media":17019,"comment_status":"open","ping_status":"open","sticky":false,"template":"","format":"standard","meta":{"_themeisle_gutenberg_block_has_review":false,"footnotes":""},"categories":[141],"tags":[],"class_list":["post-5741","post","type-post","status-publish","format-standard","has-post-thumbnail","hentry","category-archives-web"],"_links":{"self":[{"href":"https:\/\/archives.regards.fr\/index.php?rest_route=\/wp\/v2\/posts\/5741","targetHints":{"allow":["GET"]}}],"collection":[{"href":"https:\/\/archives.regards.fr\/index.php?rest_route=\/wp\/v2\/posts"}],"about":[{"href":"https:\/\/archives.regards.fr\/index.php?rest_route=\/wp\/v2\/types\/post"}],"author":[{"embeddable":true,"href":"https:\/\/archives.regards.fr\/index.php?rest_route=\/wp\/v2\/users\/573"}],"replies":[{"embeddable":true,"href":"https:\/\/archives.regards.fr\/index.php?rest_route=%2Fwp%2Fv2%2Fcomments&post=5741"}],"version-history":[{"count":0,"href":"https:\/\/archives.regards.fr\/index.php?rest_route=\/wp\/v2\/posts\/5741\/revisions"}],"wp:featuredmedia":[{"embeddable":true,"href":"https:\/\/archives.regards.fr\/index.php?rest_route=\/wp\/v2\/media\/17019"}],"wp:attachment":[{"href":"https:\/\/archives.regards.fr\/index.php?rest_route=%2Fwp%2Fv2%2Fmedia&parent=5741"}],"wp:term":[{"taxonomy":"category","embeddable":true,"href":"https:\/\/archives.regards.fr\/index.php?rest_route=%2Fwp%2Fv2%2Fcategories&post=5741"},{"taxonomy":"post_tag","embeddable":true,"href":"https:\/\/archives.regards.fr\/index.php?rest_route=%2Fwp%2Fv2%2Ftags&post=5741"}],"curies":[{"name":"wp","href":"https:\/\/api.w.org\/{rel}","templated":true}]}}