{"id":5740,"date":"2012-10-25T19:41:11","date_gmt":"2012-10-25T17:41:11","guid":{"rendered":"https:\/\/wp.muchomaas.com\/protectionnisme-menace-ou-solution5740\/"},"modified":"2023-06-23T23:12:33","modified_gmt":"2023-06-23T21:12:33","slug":"protectionnisme-menace-ou-solution5740","status":"publish","type":"post","link":"https:\/\/archives.regards.fr\/?p=5740","title":{"rendered":"Protectionnisme, menace ou solution?"},"content":{"rendered":"<p class=\"post_excerpt\">En enfilant sa marini\u00e8re Armor-Lux, Arnaud Montebourg a relanc\u00e9 le d\u00e9bat sur le protectionnisme.  Un ministre fran\u00e7ais aux rayures bien de chez nous.  C&#8217;est s\u00fbr, le protectionnisme, \u00e7a sonne ringard et \u00e7a fleure bon le nationalisme ou le souverainisme. Retour sur un serpent de mer de la pens\u00e9e contemporaine\u2026 O\u00f9 l\u2019on verra que le protectionnisme n\u2019est pas n\u00e9cessairement contradictoire avec la solidarit\u00e9 et que la fluidit\u00e9 n\u2019est pas toujours compatible avec l\u2019\u00e9galit\u00e9.<\/p>\n<p>Ce week end, <em>Regards<\/em> vous propose une s\u00e9lection d&#8217;excellents articles sur le sujet, mais avant de plonger dans ces saines lectures, nous vous invitons \u00e0 \u00e9couter l&#8217;introduction du s\u00e9minaire 2012-2013 &#8220;<a href=\"http:\/\/questionmarx.typepad.fr\/\">Question Marx<\/a>&#8220;, anim\u00e9 par le sociologue Christian Laval et le philosophe Pierre Dardot, qui planchera cette ann\u00e9e sur le th\u00e8me &#8220;Pour un nouvel internationalisme, ni protectionnisme ni libre-\u00e9change&#8221;. \u00c0 l&#8217;\u00e9coute, on vous propose l&#8217;intro de la premi\u00e8re s\u00e9ance, si vous avez envie de creuser la question, sachez que ce s\u00e9minaire, ouvert \u00e0 tous, se d\u00e9roulera toute l&#8217;ann\u00e9e au Caf\u00e9 Le Lieu-dit (Paris 20e). <\/p>\n<p><iframe loading=\"lazy\" width=\"460\" height=\"259\" src=\"http:\/\/www.youtube.com\/embed\/p3PNqrPcQMA\" frameborder=\"0\" allowfullscreen><\/iframe><br clear=\"all\"><\/p>\n<p>&#8211; <a href=\"http:\/\/boutique.monde-diplomatique.fr\/boutique\/livres\/le-protectionnisme-et-ses-ennemis.html\">Conseil de lecture.<em> Le protectionnisme et ses ennemis<\/em><\/a> de Ha-Joon Chang, Serge Halimi, Fr\u00e9d\u00e9ric Lordon, Fran\u00e7ois Ruffin et Jacques Sapir<\/p>\n<p>&#8211; <a href=\"http:\/\/blog.mondediplo.net\/2009-02-17-La-menace-protectionniste-ce-concept-vide-de-sens\">Les Blogs du Diplo. La \u00ab menace protectionniste \u00bb, ce concept vide de sens<\/a> par Fr\u00e9d\u00e9ric Lordon<\/p>\n<p>&#8211; <a href=\"http:\/\/www.contretemps.eu\/archives\/protectionnisme-est-ce-bonne-solution\">Contretemps. Le protectionnisme, est-ce la bonne solution ?<\/a> par Michel Husson et Jacques Sapir<\/p>\n<p>&#8211; <a href=\"http:\/\/www.contretemps.eu\/fr\/interventions\/protectionnisme-altermondialisme-0\">Contretemps. Protectionnisme et altermondialisme<\/a> par Michel Husson<\/p>\n<p>&#8211; <a href=\"http:\/\/www.contretemps.eu\/fr\/interventions\/protectionnisme-michel-husson-commentaires-sur-quelques-erreurs-anti-protectionnisme\">Contretemps. Le Protectionnisme et Michel Husson : commentaires sur quelques erreurs de l\u2019anti-protectionnisme<\/a> par Jacques Sapir<\/p>\n<p>&#8211; <a href=\"http:\/\/www.contretemps.eu\/interventions\/limites-protectionnisme-fiscal-r\u00e9ponse-jacques-sapir\">Contretemps. Les limites du protectionnisme fiscal. R\u00e9ponse \u00e0 Jacques Sapir<\/a> par Michel Husson<\/p>\n<div id='gallery-1' class='gallery galleryid-5740 gallery-columns-3 gallery-size-thumbnail'><figure class='gallery-item'>\n\t\t\t<div class='gallery-icon landscape'>\n\t\t\t\t<a href='https:\/\/archives.regards.fr\/wp-content\/uploads\/2012\/10\/dossierc-13e.jpg'><img loading=\"lazy\" decoding=\"async\" width=\"80\" height=\"55\" src=\"https:\/\/archives.regards.fr\/wp-content\/uploads\/2012\/10\/dossierc-13e.jpg\" class=\"attachment-thumbnail size-thumbnail\" alt=\"Protectionnisme, menace ou solution?\" aria-describedby=\"gallery-1-17017\" \/><\/a>\n\t\t\t<\/div>\n\t\t\t\t<figcaption class='wp-caption-text gallery-caption' id='gallery-1-17017'>\n\t\t\t\tProtectionnisme, menace ou solution?\n\t\t\t\t<\/figcaption><\/figure>\n\t\t<\/div>\n\n","protected":false},"excerpt":{"rendered":"<p>En enfilant sa marini\u00e8re Armor-Lux, Arnaud Montebourg a relanc\u00e9 le d\u00e9bat sur le protectionnisme.  Un ministre fran\u00e7ais aux rayures bien de chez nous.  C&#8217;est s\u00fbr, le protectionnisme, \u00e7a sonne ringard et \u00e7a fleure bon le nationalisme ou le souverainisme. Retour sur un serpent de mer de la pens\u00e9e contemporaine\u2026 O\u00f9 l\u2019on verra que le protectionnisme n\u2019est pas n\u00e9cessairement contradictoire avec la solidarit\u00e9 et que la fluidit\u00e9 n\u2019est pas toujours compatible avec l\u2019\u00e9galit\u00e9.<\/p>\n<p>Ce week end, <em>Regards<\/em> vous propose une s\u00e9lection d&#8217;excellents articles sur le sujet, mais avant de plonger dans ces saines lectures, nous vous invitons \u00e0 \u00e9couter l&#8217;introduction du s\u00e9minaire 2012-2013 &#8220;<a href=\"http:\/\/questionmarx.typepad.fr\/\">Question Marx<\/a>&#8220;, anim\u00e9 par le sociologue Christian Laval et le philosophe Pierre Dardot, qui planchera cette ann\u00e9e sur le th\u00e8me &#8220;Pour un nouvel internationalisme, ni protectionnisme ni libre-\u00e9change&#8221;. \u00c0 l&#8217;\u00e9coute, on vous propose l&#8217;intro de la premi\u00e8re s\u00e9ance, si vous avez envie de creuser la question, sachez que ce s\u00e9minaire, ouvert \u00e0 tous, se d\u00e9roulera toute l&#8217;ann\u00e9e au Caf\u00e9 Le Lieu-dit (Paris 20e). <\/p>\n","protected":false},"author":643,"featured_media":17017,"comment_status":"open","ping_status":"open","sticky":false,"template":"","format":"standard","meta":{"_themeisle_gutenberg_block_has_review":false,"footnotes":""},"categories":[141],"tags":[],"class_list":["post-5740","post","type-post","status-publish","format-standard","has-post-thumbnail","hentry","category-archives-web"],"_links":{"self":[{"href":"https:\/\/archives.regards.fr\/index.php?rest_route=\/wp\/v2\/posts\/5740","targetHints":{"allow":["GET"]}}],"collection":[{"href":"https:\/\/archives.regards.fr\/index.php?rest_route=\/wp\/v2\/posts"}],"about":[{"href":"https:\/\/archives.regards.fr\/index.php?rest_route=\/wp\/v2\/types\/post"}],"author":[{"embeddable":true,"href":"https:\/\/archives.regards.fr\/index.php?rest_route=\/wp\/v2\/users\/643"}],"replies":[{"embeddable":true,"href":"https:\/\/archives.regards.fr\/index.php?rest_route=%2Fwp%2Fv2%2Fcomments&post=5740"}],"version-history":[{"count":0,"href":"https:\/\/archives.regards.fr\/index.php?rest_route=\/wp\/v2\/posts\/5740\/revisions"}],"wp:featuredmedia":[{"embeddable":true,"href":"https:\/\/archives.regards.fr\/index.php?rest_route=\/wp\/v2\/media\/17017"}],"wp:attachment":[{"href":"https:\/\/archives.regards.fr\/index.php?rest_route=%2Fwp%2Fv2%2Fmedia&parent=5740"}],"wp:term":[{"taxonomy":"category","embeddable":true,"href":"https:\/\/archives.regards.fr\/index.php?rest_route=%2Fwp%2Fv2%2Fcategories&post=5740"},{"taxonomy":"post_tag","embeddable":true,"href":"https:\/\/archives.regards.fr\/index.php?rest_route=%2Fwp%2Fv2%2Ftags&post=5740"}],"curies":[{"name":"wp","href":"https:\/\/api.w.org\/{rel}","templated":true}]}}