{"id":5738,"date":"2012-10-25T15:44:52","date_gmt":"2012-10-25T13:44:52","guid":{"rendered":"https:\/\/wp.muchomaas.com\/budget-2013-le-bon-combat5738\/"},"modified":"2012-10-25T15:44:52","modified_gmt":"2012-10-25T13:44:52","slug":"budget-2013-le-bon-combat5738","status":"publish","type":"post","link":"https:\/\/archives.regards.fr\/?p=5738","title":{"rendered":"Budget 2013\u00a0: le bon combat\u00a0? par Henri Sterdyniak, \u00e9conomiste att\u00e9r\u00e9"},"content":{"rendered":"<p class=\"post_excerpt\">Henri Sterdyniak, membre des \u00c9conomistes atterr\u00e9s d\u00e9crypte le budget 2013 vot\u00e9 mardi \u00e0 l&#8217;assembl\u00e9e nationale.<\/p>\n<p>Le budget 2013 est le premier budget d\u2019un nouveau gouvernement de gauche. C\u2019est un acte fondateur. Le gouvernement marque-t-il une rupture par rapport aux politiques d\u2019aust\u00e9rit\u00e9 et de r\u00e9formes structurelles lib\u00e9rales\u00a0? ou vise-t-il \u00e0 les prolonger en les rendant un peu plus supportables. La r\u00e9ponse demeure ambig\u00fce. Fran\u00e7ois Hollande et le gouvernement ont endoss\u00e9 l\u2019objectif impos\u00e9 par Bruxelles\u00a0: tout faire pour r\u00e9duire le d\u00e9ficit budg\u00e9taire \u00e0 3%, pour l\u2019annuler en 2017. Toutes les marges de man\u0153uvre sont ainsi utilis\u00e9es pour ce seul objectif. Ainsi, la France accepte de pratiquer des politiques de rigueur en p\u00e9riode de r\u00e9cession\u00a0; elle renonce \u00e0 soutenir la croissance et l\u2019emploi. La croissance sera nulle en 2012 comme en 2013. La France, comme la plupart des pays de la zone Euro, s\u2019enferme dans une spirale absurde. Chaque plan d\u2019aust\u00e9rit\u00e9 provoque une baisse de la croissance, donc des rentr\u00e9es fiscales, il faut donc en faire un deuxi\u00e8me, qui lui-m\u00eame fait baisser la croissance\u2026<\/p>\n<p>Ainsi, Fran\u00e7ois Hollande a accept\u00e9 de signer le Pacte Budg\u00e9taire, qui impose la poursuite des politiques d\u2019aust\u00e9rit\u00e9 et interdit toute politique budg\u00e9taire autonome. Il a accept\u00e9 que soit cr\u00e9\u00e9 un Haut Conseil des Finances Publiques, qui aura la t\u00e2che de v\u00e9rifier que la France ob\u00e9it bien aux  ordres de la Commission Europ\u00e9enne. Il n\u2019a obtenu en \u00e9change que la signature d\u2019un Pacte de Croissance, en trompe l\u2019\u0153il, qui r\u00e9affirme la n\u00e9cessit\u00e9 des r\u00e9formes structurelles lib\u00e9rales (comme la mise en cause du droit du travail ou la baisse des retraites publiques) et ne pr\u00e9voit que des mesures de relance faible (120 milliards d\u2019euros sur 4 ans) qui ne compensent pas les politiques d\u2019aust\u00e9rit\u00e9 mises en \u0153uvre partout en Europe (240 milliards d\u2019euros par an).<\/p>\n<p>En m\u00eame temps, la France est quelque peu sortie du rang, puisque la majeure partie des mesures de r\u00e9duction du d\u00e9ficit pour 2013 sont des hausses d\u2019imp\u00f4ts, portant sur les plus riches ou sur les grandes entreprises. Il faut applaudir la hausse des droits de successions, le r\u00e9tablissement des taux de l\u2019ISF, les nouvelles tranches de l\u2019IR \u00e0 45 et \u00e0 75%, les mesures contre l\u2019\u00e9vasion fiscale des grandes entreprises, la hausse du forfait social sur les r\u00e9mun\u00e9rations annexes, la taxation accrue des banques, l\u2019esquisse d\u2019une taxation des op\u00e9rations financi\u00e8res, la fin des exon\u00e9rations des heures suppl\u00e9mentaires, la limitation du gain apport\u00e9 par les niches fiscales. <\/p>\n","protected":false},"excerpt":{"rendered":"<p>Henri Sterdyniak, membre des \u00c9conomistes atterr\u00e9s d\u00e9crypte le budget 2013 vot\u00e9 mardi \u00e0 l&#8217;assembl\u00e9e nationale.<\/p>\n","protected":false},"author":1,"featured_media":0,"comment_status":"open","ping_status":"open","sticky":false,"template":"","format":"standard","meta":{"_themeisle_gutenberg_block_has_review":false,"footnotes":""},"categories":[141],"tags":[291],"class_list":["post-5738","post","type-post","status-publish","format-standard","hentry","category-archives-web","tag-analyse"],"_links":{"self":[{"href":"https:\/\/archives.regards.fr\/index.php?rest_route=\/wp\/v2\/posts\/5738","targetHints":{"allow":["GET"]}}],"collection":[{"href":"https:\/\/archives.regards.fr\/index.php?rest_route=\/wp\/v2\/posts"}],"about":[{"href":"https:\/\/archives.regards.fr\/index.php?rest_route=\/wp\/v2\/types\/post"}],"author":[{"embeddable":true,"href":"https:\/\/archives.regards.fr\/index.php?rest_route=\/wp\/v2\/users\/1"}],"replies":[{"embeddable":true,"href":"https:\/\/archives.regards.fr\/index.php?rest_route=%2Fwp%2Fv2%2Fcomments&post=5738"}],"version-history":[{"count":0,"href":"https:\/\/archives.regards.fr\/index.php?rest_route=\/wp\/v2\/posts\/5738\/revisions"}],"wp:attachment":[{"href":"https:\/\/archives.regards.fr\/index.php?rest_route=%2Fwp%2Fv2%2Fmedia&parent=5738"}],"wp:term":[{"taxonomy":"category","embeddable":true,"href":"https:\/\/archives.regards.fr\/index.php?rest_route=%2Fwp%2Fv2%2Fcategories&post=5738"},{"taxonomy":"post_tag","embeddable":true,"href":"https:\/\/archives.regards.fr\/index.php?rest_route=%2Fwp%2Fv2%2Ftags&post=5738"}],"curies":[{"name":"wp","href":"https:\/\/api.w.org\/{rel}","templated":true}]}}