{"id":5737,"date":"2012-10-25T14:59:44","date_gmt":"2012-10-25T12:59:44","guid":{"rendered":"https:\/\/wp.muchomaas.com\/le-droit-de-vote-des-etrangers5737\/"},"modified":"2023-06-23T23:12:33","modified_gmt":"2023-06-23T21:12:33","slug":"le-droit-de-vote-des-etrangers5737","status":"publish","type":"post","link":"https:\/\/archives.regards.fr\/?p=5737","title":{"rendered":"Le droit de vote des \u00e9trangers : impopulaire, vraiment ?"},"content":{"rendered":"<p>Devant le possible recul de Fran\u00e7ois Hollande sur le droit de vote des \u00e9trangers aux \u00e9lections locales, Bertrand Delano\u00eb a appel\u00e9 <a href=\"http:\/\/bertranddelanoe.net\/leseditos\/tenir-parole\/\">sur son blog<\/a> \u00abla gauche\u00bb \u00e0 prendre le <em>\u00abrisque d\u2019\u00eatre caricatur\u00e9e et m\u00eame celui d\u2019\u00eatre momentan\u00e9ment impopulaire pour donner aux \u00e9trangers r\u00e9sidents le droit l\u00e9gitime qu\u2019elle leur promet depuis longtemps\u00bb<\/em>. Quel risque? Quelle impopularit\u00e9? Le philosophe Michel Feher, pr\u00e9sident de l&#8217;association Cette France-L\u00e0, rappelle que <em>\u00abl\u2019octroi du droit de vote aux \u00e9trangers pour les \u00e9lections locales est une proposition qui recueille une majorit\u00e9 d\u2019opinions favorables depuis maintenant dix ans\u00bb. <\/em> <\/p>\n<p>Sur le sujet : retrouvez ci-dessous notre article du 21 septembre.<\/p>\n<p><strong> <strong>\u00ab\u00a0LES SOCIALISTES SONT PERSUAD\u00c9S DU CONSERVATISME POPULAIRE \u00bb<\/strong> <\/strong><\/p>\n<p>La question du droit de vote des \u00e9trangers non communautaires aux \u00e9lections locales divise le Parti socialiste. Pourquoi cette promesse de campagne suscite-t-elle de telles craintes ? Entretien avec Michel Feher, philosophe, pr\u00e9sident de l&#8217;association Cette France-L\u00e0.<\/p>\n<p><strong>Regards.fr.<\/strong> <em> <strong>Que craindre d&#8217;une r\u00e9forme visant \u00e0 ouvrir le droit de vote aux \u00e9trangers lors d&#8217;\u00e9lections locales ?<\/strong> <\/em><\/p>\n<p><strong>Michel Feher.<\/strong> D&#8217;embl\u00e9e, deux grandes questions se posaient \u00e0 propos de l&#8217;action de Fran\u00e7ois Hollande et de son gouvernement. La premi\u00e8re concernait le c\u0153ur \u00e9conomique et social de leur politique : comment allaient-ils arbitrer entre les propos de campagne du chef de l&#8217;\u00c9tat sur la n\u00e9cessit\u00e9 de secouer le joug de la finance et de pousser l&#8217;Europe \u00e0 se pr\u00e9occuper davantage de reprise de l&#8217;activit\u00e9 que d&#8217;aust\u00e9rit\u00e9 budg\u00e9taire et son souci, une fois l&#8217;\u00e9lection gagn\u00e9e, de faire appara\u00eetre la France comme un interlocuteur raisonnable des march\u00e9s financiers et de la chanceli\u00e8re allemande? La seconde question portait sur les autres grands th\u00e8mes o\u00f9 la diff\u00e9rence entre la gauche et la droite est cens\u00e9e s&#8217;exprimer, notamment le rapport des gouvernants aux \u00e9trangers et aux fronti\u00e8res : les nouveaux dirigeants allaient-ils opter pour une accentuation ou au contraire une minimisation du contraste avec le quinquennat pr\u00e9c\u00e9dent, \u00e9tant donn\u00e9 les circonstances de \u00ab crise \u00bb qui \u00e9taient celles de ce d\u00e9but de mandat ? <\/p>\n<p>En d\u00e9cidant de ratifier le trait\u00e9 \u00ab Merkozy \u00bb, et donc de mener une politique budg\u00e9taire conforme \u00e0 la \u00ab r\u00e8gle d&#8217;or \u00bb, le pr\u00e9sident et sa majorit\u00e9 ont clairement r\u00e9pondu \u00e0 la premi\u00e8re interrogation. Reste \u00e0 savoir comment la politique gouvernementale va maintenant s&#8217;articuler avec ce choix de la rigueur, f\u00fbt-il rebaptis\u00e9 choix de la comp\u00e9titivit\u00e9. Fran\u00e7ois Hollande et Jean-Marc Ayrault vont-ils estimer que leur renoncement \u00e0 la confrontation avec Berlin et les march\u00e9s doit \u00eatre compens\u00e9 par une fid\u00e9lit\u00e9 sans faille \u00e0 d&#8217;autres promesses marqu\u00e9es \u00e0 gauche ? Par exemple, celles d&#8217;accorder le droit de vote aux \u00e9trangers non communautaires pour les \u00e9lections locales, mais aussi de lutter contre les discriminations en instituant le r\u00e9c\u00e9piss\u00e9 lors des interpellations polici\u00e8res, ou encore d&#8217;ouvrir le mariage et l&#8217;adoption aux couples de m\u00eame sexe. Vont-ils au contraire craindre qu&#8217;en tenant de tels engagements, on leur reproche de cliver la soci\u00e9t\u00e9, au moment o\u00f9 les Fran\u00e7ais ont besoin d&#8217;\u00eatre unis pour se serrer la ceinture ? Ou pire, vont-ils craindre qu&#8217;on les accuse de r\u00e9server leur g\u00e9n\u00e9rosit\u00e9 aux \u00e9trangers et aux minorit\u00e9s, au moment o\u00f9 ils demandent tant de sacrifices au peuple autochtone et majoritaire ? C&#8217;est bien cette derni\u00e8re crainte qui semble inciter les dirigeants socialistes \u00e0 s&#8217;aligner sur le ministre de l&#8217;Int\u00e9rieur. Pour leur part, les 75 \u00e9lus du PS qui ont sign\u00e9 le texte du Monde appelant \u00e0 tenir la promesse du droit de vote s&#8217;inqui\u00e8tent au contraire de l&#8217;effacement de toutes les distinctions entre leur camp et celui de leurs adversaires de droite.  <\/p>\n<p><em> <strong>Pourquoi cette proposition, \u00e9mise il y a 30 ans par le PS, tarde-t-elle tant \u00e0 se mettre en place ? Plusieurs pays europ\u00e9ens l&#8217;exp\u00e9rimentent pourtant d\u00e9j\u00e0 et les Fran\u00e7ais y sont apparemment  favorables \u00e0 61 %, selon un sondage BVA r\u00e9alis\u00e9 pour Le Parisien en novembre 2011\u2026<\/strong> <\/em><\/p>\n<p>Depuis plusieurs d\u00e9cennies, le Parti socialiste partage avec la droite la conviction que la France d&#8217;en bas n&#8217;est gu\u00e8re f\u00e9ministe, qu&#8217;elle est hostile \u00e0 la suppression des discriminations relatives \u00e0 la sexualit\u00e9 et qu&#8217;elle consid\u00e8re que l&#8217;immigration est un probl\u00e8me majeur. Les socialistes conviennent sans doute que ces sentiments populaires seraient amen\u00e9s \u00e0 s&#8217;estomper s&#8217;il \u00e9tait possible de mener une politique \u00e9conomique et sociale plus favorable aux couches les moins favoris\u00e9es de la population. Seulement voil\u00e0, de ce c\u00f4t\u00e9-l\u00e0, la gauche dite raisonnable n&#8217;a pas grand-chose \u00e0 offrir, sauf \u00e0 cesser d&#8217;appartenir \u00e0 la famille des dirigeants \u00ab raisonnables \u00bb. Aussi, faute d&#8217;oser se d\u00e9marquer nettement en mati\u00e8re de politique budg\u00e9taire et fiscale, ou encore dans le domaine des rapports des pouvoirs publics avec les march\u00e9s financiers, les repr\u00e9sentants de ce qu&#8217;il est convenu d&#8217;appeler la social-d\u00e9mocratie estiment que, pour s&#8217;\u00e9viter une double impopularit\u00e9, il leur faut \u00e9galement  s&#8217;aligner sur la droite concernant les questions relatives aux droits des \u00e9trangers, et dans une moindre mesure, des femmes et des minorit\u00e9s. <\/p>\n<p>Les socialistes sont tellement persuad\u00e9s du conservatisme populaire que m\u00eame les d\u00e9mentis apport\u00e9s par les enqu\u00eates d&#8217;opinion n&#8217;y changent rien. Le sondage que vous citez fait suite \u00e0 bien d&#8217;autres qui montrent que l&#8217;octroi du droit de vote aux \u00e9trangers pour les \u00e9lections locales est une proposition qui recueille une majorit\u00e9 d&#8217;opinions favorables depuis maintenant dix ans. Une m\u00eame majorit\u00e9 massive se retrouve d\u2019ailleurs pour la question de l&#8217;ouverture du mariage et de l&#8217;adoption aux couples de m\u00eame sexe, et l\u00e0 aussi nombre de socialistes continuent de trembler.  61% d&#8217;opinions favorables et pourtant, tout le monde est persuad\u00e9 qu&#8217;un r\u00e9f\u00e9rendum sur la question du droit de vote des \u00e9trangers se solderait par un non! M\u00eame s&#8217;il est vrai que la dimension pl\u00e9biscitaire du processus r\u00e9f\u00e9rendaire comporte des dangers consid\u00e9rables, il me semble que le moment est venu de dire chiche &#8211; pour le droit de vote des \u00e9trangers comme pour le trait\u00e9 europ\u00e9en. Car hormis une \u00ab th\u00e9rapie de choc \u00bb, rien ne pourra arracher les partis socialistes aux complexes qui les paralysent et menacent de les r\u00e9duire &#8212; comme en Gr\u00e8ce, en Italie, et bient\u00f4t aux Pays-Bas et en Allemagne &#8212; \u00e0 des formations d&#8217;appoint dans des majorit\u00e9s de droite.<\/p>\n<p><em> <strong>Peut-on en attendre des r\u00e9percussions sur l&#8217;ensemble de la politique migratoire men\u00e9e par le gouvernement ?<\/strong>\u00a0<\/em><\/p>\n<p>D\u00e8s lors que les \u00e9trangers sont des \u00e9lecteurs, le potentiel de voix qu&#8217;ils repr\u00e9sentent tend \u00e0 produire un effet dissuasif sur les propensions x\u00e9nophobes de certains partis et candidats. Cette dissuasion est certes proportionnelle au nombre d&#8217;\u00e9trangers pr\u00e9sents dans la commune, l&#8217;arrondissement ou la ville o\u00f9 se d\u00e9roule le scrutin. Mais on peut avancer qu&#8217;il s&#8217;agit d&#8217;un \u00e9l\u00e9ment qui va dans le sens, sinon d&#8217;une \u00ab d\u00e9probl\u00e9matisation \u00bb de l&#8217;immigration, du moins d&#8217;une incitation, pour les candidats \u00e0 une \u00e9lection, d&#8217;y regarder \u00e0 deux fois avant de miser sur la stigmatisation des migrants pour accro\u00eetre leur popularit\u00e9. En outre, on peut gager qu&#8217;une fois le droit de vote accord\u00e9 aux \u00e9trangers, il n&#8217;y aura pas de retour en arri\u00e8re. Mieux, la question dispara\u00eetra sans retour des d\u00e9bats, comme l&#8217;abolition de la peine de mort, l&#8217;inscription de la parit\u00e9 dans la constitution ou l&#8217;institution du Pacs. Car m\u00eame si, avant qu&#8217;elles soient vot\u00e9es, les extensions de la d\u00e9mocratie sont pr\u00e9sent\u00e9es par leurs critiques comme des menaces pour la survie de la nation ou de la civilisation, une fois adopt\u00e9es, ces mesures cessent presque aussit\u00f4t de pr\u00eater \u00e0 pol\u00e9mique. Les socialistes devraient puiser du courage en se retournant sur les quelques audaces de leur pass\u00e9. H\u00e9las, l&#8217;intensit\u00e9 de leurs complexes les prive autant de leur lucidit\u00e9 que de leur courage.<\/p>\n<div id='gallery-1' class='gallery galleryid-5737 gallery-columns-3 gallery-size-thumbnail'><figure class='gallery-item'>\n\t\t\t<div class='gallery-icon landscape'>\n\t\t\t\t<a href='https:\/\/archives.regards.fr\/wp-content\/uploads\/2012\/10\/phrase-bf0.jpg'><img loading=\"lazy\" decoding=\"async\" width=\"150\" height=\"150\" src=\"https:\/\/archives.regards.fr\/wp-content\/uploads\/2012\/10\/phrase-bf0-150x150.jpg\" class=\"attachment-thumbnail size-thumbnail\" alt=\"phrase.jpg\" \/><\/a>\n\t\t\t<\/div><\/figure><figure class='gallery-item'>\n\t\t\t<div class='gallery-icon landscape'>\n\t\t\t\t<a href='https:\/\/archives.regards.fr\/wp-content\/uploads\/2012\/10\/phraseb-df4.jpg'><img loading=\"lazy\" decoding=\"async\" width=\"150\" height=\"150\" src=\"https:\/\/archives.regards.fr\/wp-content\/uploads\/2012\/10\/phraseb-df4-150x150.jpg\" class=\"attachment-thumbnail size-thumbnail\" alt=\"Le droit de vote des \u00e9trangers : impopulaire, vraiment ?\" aria-describedby=\"gallery-1-17013\" \/><\/a>\n\t\t\t<\/div>\n\t\t\t\t<figcaption class='wp-caption-text gallery-caption' id='gallery-1-17013'>\n\t\t\t\tLe droit de vote des \u00e9trangers : impopulaire, vraiment ?\n\t\t\t\t<\/figcaption><\/figure><figure class='gallery-item'>\n\t\t\t<div class='gallery-icon landscape'>\n\t\t\t\t<a href='https:\/\/archives.regards.fr\/wp-content\/uploads\/2012\/10\/delanoec-15b.jpg'><img loading=\"lazy\" decoding=\"async\" width=\"80\" height=\"55\" src=\"https:\/\/archives.regards.fr\/wp-content\/uploads\/2012\/10\/delanoec-15b.jpg\" class=\"attachment-thumbnail size-thumbnail\" alt=\"Le droit de vote des \u00e9trangers : impopulaire, vraiment ?\" aria-describedby=\"gallery-1-17014\" \/><\/a>\n\t\t\t<\/div>\n\t\t\t\t<figcaption class='wp-caption-text gallery-caption' id='gallery-1-17014'>\n\t\t\t\tLe droit de vote des \u00e9trangers : impopulaire, vraiment ?\n\t\t\t\t<\/figcaption><\/figure>\n\t\t<\/div>\n\n","protected":false},"excerpt":{"rendered":"<p>Devant le possible recul de Fran\u00e7ois Hollande sur le droit de vote des \u00e9trangers aux \u00e9lections locales, Bertrand Delano\u00eb a appel\u00e9 sur son blog \u00abla gauche\u00bb \u00e0 prendre le \u00abrisque d\u2019\u00eatre caricatur\u00e9e et m\u00eame celui d\u2019\u00eatre momentan\u00e9ment impopulaire pour donner aux \u00e9trangers r\u00e9sidents le droit l\u00e9gitime qu\u2019elle leur promet depuis longtemps\u00bb. Quel risque? Quelle impopularit\u00e9? [&hellip;]<\/p>\n","protected":false},"author":643,"featured_media":17012,"comment_status":"open","ping_status":"open","sticky":false,"template":"","format":"standard","meta":{"_themeisle_gutenberg_block_has_review":false,"footnotes":""},"categories":[141],"tags":[],"class_list":["post-5737","post","type-post","status-publish","format-standard","has-post-thumbnail","hentry","category-archives-web"],"_links":{"self":[{"href":"https:\/\/archives.regards.fr\/index.php?rest_route=\/wp\/v2\/posts\/5737","targetHints":{"allow":["GET"]}}],"collection":[{"href":"https:\/\/archives.regards.fr\/index.php?rest_route=\/wp\/v2\/posts"}],"about":[{"href":"https:\/\/archives.regards.fr\/index.php?rest_route=\/wp\/v2\/types\/post"}],"author":[{"embeddable":true,"href":"https:\/\/archives.regards.fr\/index.php?rest_route=\/wp\/v2\/users\/643"}],"replies":[{"embeddable":true,"href":"https:\/\/archives.regards.fr\/index.php?rest_route=%2Fwp%2Fv2%2Fcomments&post=5737"}],"version-history":[{"count":0,"href":"https:\/\/archives.regards.fr\/index.php?rest_route=\/wp\/v2\/posts\/5737\/revisions"}],"wp:featuredmedia":[{"embeddable":true,"href":"https:\/\/archives.regards.fr\/index.php?rest_route=\/wp\/v2\/media\/17012"}],"wp:attachment":[{"href":"https:\/\/archives.regards.fr\/index.php?rest_route=%2Fwp%2Fv2%2Fmedia&parent=5737"}],"wp:term":[{"taxonomy":"category","embeddable":true,"href":"https:\/\/archives.regards.fr\/index.php?rest_route=%2Fwp%2Fv2%2Fcategories&post=5737"},{"taxonomy":"post_tag","embeddable":true,"href":"https:\/\/archives.regards.fr\/index.php?rest_route=%2Fwp%2Fv2%2Ftags&post=5737"}],"curies":[{"name":"wp","href":"https:\/\/api.w.org\/{rel}","templated":true}]}}