{"id":5736,"date":"2012-10-25T14:54:42","date_gmt":"2012-10-25T12:54:42","guid":{"rendered":"https:\/\/wp.muchomaas.com\/psa-le-jour-le-plus-long5736\/"},"modified":"2023-06-23T23:12:33","modified_gmt":"2023-06-23T21:12:33","slug":"psa-le-jour-le-plus-long5736","status":"publish","type":"post","link":"https:\/\/archives.regards.fr\/?p=5736","title":{"rendered":"PSA, le jour le plus long"},"content":{"rendered":"<p class=\"post_excerpt\">Comit\u00e9 central d&#8217;entreprise ce matin, r\u00e9union tripartite au minist\u00e8re du Redressement productif ce soir\u2026 La journ\u00e9e s&#8217;annonce charg\u00e9e pour les salari\u00e9s de PSA qui esp\u00e8rent le concours de l&#8217;\u00c9tat pour faire reculer la direction sur les 8000 licenciements annonc\u00e9s. Trois questions \u00e0 Michel Ducret, CGT m\u00e9tallurgie.<\/p>\n<p><strong>Regards.fr.<\/strong> <em> <strong>Qu&#8217;attendez-vous de cette journ\u00e9e\u00a0?<\/strong> <\/em><\/p>\n<p><strong>Michel Ducret.<\/strong> Il faut que la direction revienne sur les 8000 licenciements. Et pour tout vous dire je suis inquiet. La direction a inscrit un point suppl\u00e9mentaire \u00e0 l&#8217;ordre du jour du comit\u00e9 central d&#8217;entreprise. Initialement, nous devions d\u00e9battre de l&#8217;alliance entre General Motors et PSA et de l&#8217;organisation du travail. Et finalement, nous devrons aussi d\u00e9cider d&#8217;autoriser ou pas les mutations et les mobilit\u00e9s entre les sites d&#8217;Aulnay, de Poissy et de Rennes. Ce qui revient \u00e0 d\u00e9cider de la mise en place du plan social. Tous les syndicats ont r\u00e9clam\u00e9 que ce point soit retir\u00e9 de l&#8217;ordre du jour, mais en vain. La direction joue la montre.En juillet dernier, nous avons mandat\u00e9 des experts pour la production d&#8217;un rapport portant sur la strat\u00e9gie financi\u00e8re du groupe, la strat\u00e9gie avec la fili\u00e8re automobile, et celle du groupe en g\u00e9n\u00e9ral. Ce rapport sera remis le 29 novembre, et la loi pr\u00e9voit que le Plan social de l&#8217;entreprise (PSE) n&#8217;entre pas en vigueur avant la publication du rapport d&#8217;expertise\u2026 Sauf en cas d&#8217;accord avec les syndicats. Ce qui explique ce nouveau point \u00e0 l&#8217;ordre du jour. Il y a beaucoup de pression et il est possible que cet accord soit vot\u00e9.<\/p>\n<p><em> <strong>Quelles cons\u00e9quences sur la r\u00e9union tripartite de ce soir avec Arnaud Montebourg\u00a0?<\/strong> <\/em><\/p>\n<p>Si les mutations et la mobilit\u00e9 des salari\u00e9s sont ent\u00e9rin\u00e9es, il va \u00eatre plus difficile d&#8217;instaurer un rapport de force avec la direction. D&#8217;autant que l&#8217;\u00c9tat ne semble pas tr\u00e8s ferme sur les garanties demand\u00e9es \u00e0 PSA en contrepartie des 7 milliards d&#8217;euros publics accord\u00e9s \u00e0 la banque du groupe. Alors que le ministre s&#8217;est montr\u00e9 tr\u00e8s assur\u00e9 en parlant de \u00ab\u00a0z\u00e9ro salari\u00e9 \u00e0 p\u00f4le emploi\u00a0\u00bb, Philippe Varin est rest\u00e9 tr\u00e8s flou sur ses engagements. Nous serons intransigeants sur ce point\u00a0: l&#8217;argent public ne peut pas \u00eatre investi sans garantie de sauvegarde des emplois. Nous attendons d&#8217;Arnaud Montebourg qu&#8217;il soit ferme sur ce sujet. En l&#8217;\u00e9tat actuel des n\u00e9gociations, j&#8217;ai bien peur que Varin ne bouge pas d&#8217;un iota son plan social. <\/p>\n<p><em> <strong>Vous avez peu confiance dans la d\u00e9termination du ministre\u00a0?<\/strong> <\/em><\/p>\n<p>J&#8217;ai l&#8217;habitude de le c\u00f4toyer, je l&#8217;ai rencontr\u00e9 lors du comit\u00e9 strat\u00e9gique des fili\u00e8res automobiles. Je trouve que le gouvernement actuel m\u00e8ne davantage une politique d&#8217;accompagnement des entreprises qu&#8217;une politique offensive pour la d\u00e9fense des emplois. Lors de la derni\u00e8re commission paritaire extraordinaire avec le patronat de l&#8217;automobile, nous avons pr\u00e9sent\u00e9 un document recensant des propositions pour am\u00e9liorer la situation de la fili\u00e8re automobile. Aucune de nos propositions n&#8217;ont \u00e9t\u00e9 prises en compte mais en revanche le ministre semble \u00e0 l&#8217;\u00e9coute des PDG. De la m\u00eame mani\u00e8re nous avons fait des propositions visant \u00e0 d\u00e9montrer qu&#8217;on pouvait sauver le site d&#8217;Aulnay \u00e0 condition de remettre en cause la strat\u00e9gie de PSA. En vain. Pourtant, derri\u00e8re tout \u00e7a il y a 8000 familles qui attendent de savoir quel sera leur sort, qui esp\u00e8rent beaucoup de cette journ\u00e9e.<br \/>\n<div id='gallery-1' class='gallery galleryid-5736 gallery-columns-3 gallery-size-thumbnail'><figure class='gallery-item'>\n\t\t\t<div class='gallery-icon landscape'>\n\t\t\t\t<a href='https:\/\/archives.regards.fr\/wp-content\/uploads\/2012\/10\/psa-0f4.jpg'><img loading=\"lazy\" decoding=\"async\" width=\"150\" height=\"150\" src=\"https:\/\/archives.regards.fr\/wp-content\/uploads\/2012\/10\/psa-0f4-150x150.jpg\" class=\"attachment-thumbnail size-thumbnail\" alt=\"psa.jpg\" \/><\/a>\n\t\t\t<\/div><\/figure><figure class='gallery-item'>\n\t\t\t<div class='gallery-icon landscape'>\n\t\t\t\t<a href='https:\/\/archives.regards.fr\/wp-content\/uploads\/2012\/10\/psab-2-eef.jpg'><img loading=\"lazy\" decoding=\"async\" width=\"150\" height=\"150\" src=\"https:\/\/archives.regards.fr\/wp-content\/uploads\/2012\/10\/psab-2-eef-150x150.jpg\" class=\"attachment-thumbnail size-thumbnail\" alt=\"PSA, le jour le plus long\" aria-describedby=\"gallery-1-17009\" \/><\/a>\n\t\t\t<\/div>\n\t\t\t\t<figcaption class='wp-caption-text gallery-caption' id='gallery-1-17009'>\n\t\t\t\tPSA, le jour le plus long\n\t\t\t\t<\/figcaption><\/figure><figure class='gallery-item'>\n\t\t\t<div class='gallery-icon landscape'>\n\t\t\t\t<a href='https:\/\/archives.regards.fr\/wp-content\/uploads\/2012\/10\/psac-069.jpg'><img loading=\"lazy\" decoding=\"async\" width=\"80\" height=\"55\" src=\"https:\/\/archives.regards.fr\/wp-content\/uploads\/2012\/10\/psac-069.jpg\" class=\"attachment-thumbnail size-thumbnail\" alt=\"PSA, le jour le plus long\" aria-describedby=\"gallery-1-17010\" \/><\/a>\n\t\t\t<\/div>\n\t\t\t\t<figcaption class='wp-caption-text gallery-caption' id='gallery-1-17010'>\n\t\t\t\tPSA, le jour le plus long\n\t\t\t\t<\/figcaption><\/figure>\n\t\t<\/div>\n<\/p>\n","protected":false},"excerpt":{"rendered":"<p>Comit\u00e9 central d&#8217;entreprise ce matin, r\u00e9union tripartite au minist\u00e8re du Redressement productif ce soir\u2026 La journ\u00e9e s&#8217;annonce charg\u00e9e pour les salari\u00e9s de PSA qui esp\u00e8rent le concours de l&#8217;\u00c9tat pour faire reculer la direction sur les 8000 licenciements annonc\u00e9s. Trois questions \u00e0 Michel Ducret, CGT m\u00e9tallurgie.<\/p>\n","protected":false},"author":777,"featured_media":17008,"comment_status":"open","ping_status":"open","sticky":false,"template":"","format":"standard","meta":{"_themeisle_gutenberg_block_has_review":false,"footnotes":""},"categories":[141],"tags":[293],"class_list":["post-5736","post","type-post","status-publish","format-standard","has-post-thumbnail","hentry","category-archives-web","tag-entretien"],"_links":{"self":[{"href":"https:\/\/archives.regards.fr\/index.php?rest_route=\/wp\/v2\/posts\/5736","targetHints":{"allow":["GET"]}}],"collection":[{"href":"https:\/\/archives.regards.fr\/index.php?rest_route=\/wp\/v2\/posts"}],"about":[{"href":"https:\/\/archives.regards.fr\/index.php?rest_route=\/wp\/v2\/types\/post"}],"author":[{"embeddable":true,"href":"https:\/\/archives.regards.fr\/index.php?rest_route=\/wp\/v2\/users\/777"}],"replies":[{"embeddable":true,"href":"https:\/\/archives.regards.fr\/index.php?rest_route=%2Fwp%2Fv2%2Fcomments&post=5736"}],"version-history":[{"count":0,"href":"https:\/\/archives.regards.fr\/index.php?rest_route=\/wp\/v2\/posts\/5736\/revisions"}],"wp:featuredmedia":[{"embeddable":true,"href":"https:\/\/archives.regards.fr\/index.php?rest_route=\/wp\/v2\/media\/17008"}],"wp:attachment":[{"href":"https:\/\/archives.regards.fr\/index.php?rest_route=%2Fwp%2Fv2%2Fmedia&parent=5736"}],"wp:term":[{"taxonomy":"category","embeddable":true,"href":"https:\/\/archives.regards.fr\/index.php?rest_route=%2Fwp%2Fv2%2Fcategories&post=5736"},{"taxonomy":"post_tag","embeddable":true,"href":"https:\/\/archives.regards.fr\/index.php?rest_route=%2Fwp%2Fv2%2Ftags&post=5736"}],"curies":[{"name":"wp","href":"https:\/\/api.w.org\/{rel}","templated":true}]}}