{"id":5732,"date":"2012-10-25T13:16:23","date_gmt":"2012-10-25T11:16:23","guid":{"rendered":"https:\/\/wp.muchomaas.com\/sur-le-front-de-l-agriculture5732\/"},"modified":"2012-10-25T13:16:23","modified_gmt":"2012-10-25T11:16:23","slug":"sur-le-front-de-l-agriculture5732","status":"publish","type":"post","link":"https:\/\/archives.regards.fr\/?p=5732","title":{"rendered":"Sur le front de l&#8217;agriculture"},"content":{"rendered":"<p class=\"post_excerpt\">Andr\u00e9 Neveu<\/p>\n<p>Ce n&#8217;est pas une surprise mais c&#8217;est assez nouveau: dans le domaine de l&#8217;agriculture aussi, le poison du profit \u00e0 tout prix est d\u00e9sormais au coeur m\u00eame du fruit. \u00ab<em>Apr\u00e8s les industries agroalimentaire et la grande distribution, le syst\u00e8me capitaliste est en train d&#8217;investir le secteur de la production agricole (&#8230;) ce ph\u00e9nom\u00e8ne est r\u00e9cent, mondial, rapide et de grande ampleur<\/em>\u00bb, r\u00e9sume, d\u00e8s son introduction, l&#8217;auteur de cet ouvrage, un ing\u00e9nieur agronome pass\u00e9 par l&#8217;Afrique et membre de l&#8217;Acad\u00e9mie d&#8217;agriculture.<\/p>\n<p>Les ann\u00e9es 80-90 sont celles du \u00ab<em>basculement<\/em>\u00bb. C&#8217;est le temps o\u00f9 la Banque mondiale et le Fmi imposent des ajustements structurels \u00e0 tour de bras et o\u00f9 les \u00abexperts\u00bb du consensus de Washington encouragent les productions destin\u00e9es \u00e0 l&#8217;exportation, tandis que le commerce mondial franchit un important seuil de d\u00e9r\u00e9gulation avec la cr\u00e9ation de l&#8217;OMC. Les bases sont jet\u00e9es pour que le \u00ab<em>grand capital<\/em>\u00bb vienne bient\u00f4t intervenir directement au c\u0153ur de la production agricole. Les fonds d&#8217;investissement s&#8217;y mettent. Mais c&#8217;est la crise de 2007-2008 qui va vraiment mettre en lumi\u00e8re l&#8217;apparition d&#8217;un \u00ab<em>n\u00e9ocolanialisme agraire<\/em>\u00bb qui se manifeste notamment par la location de terres (par des pays tels que la Chine, l&#8217;Inde et les pays du Golfe \u00e0 des Etats pauvres &#8211; et pour la plupart, africains &#8211; tels que Madagascar, la Zambie, le Soudan&#8230; ) sur des baux emphyt\u00e9otiques d&#8217;un si\u00e8cle.<\/p>\n<p>Poids r\u00e9el des grandes firmes, g\u00e9ographie de la relation dominants\/spoli\u00e9s, impact sur le monde rural, l&#8217;auteur dresse le tableau d&#8217;une \u00ab<em>agriculture capitaliste<\/em>\u00bb dont le \u00ab<em>succ\u00e8s<\/em>\u00bb, \u00e9crit-il, est \u00ab<em>impressionnant<\/em>\u00bb. Mais surtout alarmant, car ce nouvel ordre agricole mondial a le visage  d&#8217;immenses exploitations aux mains d&#8217;investisseurs susceptibles de cesser leur activit\u00e9. Apr\u00e8s les friches industrielles, les friches agricoles? C&#8217;est la mise en garde, sous forme de question, \u00e0 laquelle se livre l&#8217;auteur dans sa conclusion. Non sans avoir, au pr\u00e9alable, rappeler les fondamentaux de la r\u00e9sistance en la mati\u00e8re: d\u00e9fendre politiquement la souverainet\u00e9 alimentaire des peuples et renforcer la petite paysannerie en la modernisant.<\/p>\n<h2>A lire <\/h2>\n<p><strong> <em>Agriculture mondiale: un d\u00e9sastre annonc\u00e9<\/em> de Andr\u00e9 Neveu. Ed. Autrement, 2012, 200 p. 17 \u20ac <\/strong><\/p>\n","protected":false},"excerpt":{"rendered":"<p>Andr\u00e9 Neveu<\/p>\n","protected":false},"author":558,"featured_media":17004,"comment_status":"open","ping_status":"open","sticky":false,"template":"","format":"standard","meta":{"_themeisle_gutenberg_block_has_review":false,"footnotes":""},"categories":[111],"tags":[],"class_list":["post-5732","post","type-post","status-publish","format-standard","has-post-thumbnail","hentry","category-nos-selections"],"_links":{"self":[{"href":"https:\/\/archives.regards.fr\/index.php?rest_route=\/wp\/v2\/posts\/5732","targetHints":{"allow":["GET"]}}],"collection":[{"href":"https:\/\/archives.regards.fr\/index.php?rest_route=\/wp\/v2\/posts"}],"about":[{"href":"https:\/\/archives.regards.fr\/index.php?rest_route=\/wp\/v2\/types\/post"}],"author":[{"embeddable":true,"href":"https:\/\/archives.regards.fr\/index.php?rest_route=\/wp\/v2\/users\/558"}],"replies":[{"embeddable":true,"href":"https:\/\/archives.regards.fr\/index.php?rest_route=%2Fwp%2Fv2%2Fcomments&post=5732"}],"version-history":[{"count":0,"href":"https:\/\/archives.regards.fr\/index.php?rest_route=\/wp\/v2\/posts\/5732\/revisions"}],"wp:featuredmedia":[{"embeddable":true,"href":"https:\/\/archives.regards.fr\/index.php?rest_route=\/wp\/v2\/media\/17004"}],"wp:attachment":[{"href":"https:\/\/archives.regards.fr\/index.php?rest_route=%2Fwp%2Fv2%2Fmedia&parent=5732"}],"wp:term":[{"taxonomy":"category","embeddable":true,"href":"https:\/\/archives.regards.fr\/index.php?rest_route=%2Fwp%2Fv2%2Fcategories&post=5732"},{"taxonomy":"post_tag","embeddable":true,"href":"https:\/\/archives.regards.fr\/index.php?rest_route=%2Fwp%2Fv2%2Ftags&post=5732"}],"curies":[{"name":"wp","href":"https:\/\/api.w.org\/{rel}","templated":true}]}}