{"id":5731,"date":"2012-10-30T13:15:00","date_gmt":"2012-10-30T12:15:00","guid":{"rendered":"https:\/\/wp.muchomaas.com\/14-de-jean-echenoz-ed-minuit5731\/"},"modified":"2012-10-30T13:15:00","modified_gmt":"2012-10-30T12:15:00","slug":"14-de-jean-echenoz-ed-minuit5731","status":"publish","type":"post","link":"https:\/\/archives.regards.fr\/?p=5731","title":{"rendered":"14 de Jean Echenoz (\u00e9d. Minuit)"},"content":{"rendered":"<p>On avait ador\u00e9 le cycle de trois \u00ab\u00a0fictions biographiques\u00a0\u00bb, appelons-les comme \u00e7a, que Jean Echenoz avait pr\u00e9c\u00e9demment publi\u00e9es. Cette fois, ce n\u2019est pas une vie, une destin\u00e9e, qu\u2019Echenoz cherche \u00e0 mettre en bouteille, mais une ann\u00e9e, et pas n\u2019importe laquelle\u00a0: 1914, la premi\u00e8re ann\u00e9e de la Grande Guerre. Une ann\u00e9e particuli\u00e8re, o\u00f9 dans un camp comme dans l\u2019autre, on ne sait pas la faire, la guerre, d\u2019autant qu\u2019elle est consid\u00e9rablement modifi\u00e9e par de nouvelles armes (l\u2019aviation, les gaz, en attendant les tanks). Pourtant, cette fois, le minimalisme formel de l\u2019\u00e9crivain nous touche moins, de m\u00eame que son \u00e9criture en points de croix (de bois, ici). Six personnages racont\u00e9s en 120 pages, c\u2019est peut-\u00eatre cette fois trop exiger de la compression stylistique, et risquer l\u2019explosion (du lecteur).<\/p>\n","protected":false},"excerpt":{"rendered":"<p>On avait ador\u00e9 le cycle de trois \u00ab\u00a0fictions biographiques\u00a0\u00bb, appelons-les comme \u00e7a, que Jean Echenoz avait pr\u00e9c\u00e9demment publi\u00e9es. Cette fois, ce n\u2019est pas une vie, une destin\u00e9e, qu\u2019Echenoz cherche \u00e0 mettre en bouteille, mais une ann\u00e9e, et pas n\u2019importe laquelle\u00a0: 1914, la premi\u00e8re ann\u00e9e de la Grande Guerre. Une ann\u00e9e particuli\u00e8re, o\u00f9 dans un camp [&hellip;]<\/p>\n","protected":false},"author":1,"featured_media":17003,"comment_status":"open","ping_status":"open","sticky":false,"template":"","format":"standard","meta":{"_themeisle_gutenberg_block_has_review":false,"footnotes":""},"categories":[111],"tags":[],"class_list":["post-5731","post","type-post","status-publish","format-standard","has-post-thumbnail","hentry","category-nos-selections"],"_links":{"self":[{"href":"https:\/\/archives.regards.fr\/index.php?rest_route=\/wp\/v2\/posts\/5731","targetHints":{"allow":["GET"]}}],"collection":[{"href":"https:\/\/archives.regards.fr\/index.php?rest_route=\/wp\/v2\/posts"}],"about":[{"href":"https:\/\/archives.regards.fr\/index.php?rest_route=\/wp\/v2\/types\/post"}],"author":[{"embeddable":true,"href":"https:\/\/archives.regards.fr\/index.php?rest_route=\/wp\/v2\/users\/1"}],"replies":[{"embeddable":true,"href":"https:\/\/archives.regards.fr\/index.php?rest_route=%2Fwp%2Fv2%2Fcomments&post=5731"}],"version-history":[{"count":0,"href":"https:\/\/archives.regards.fr\/index.php?rest_route=\/wp\/v2\/posts\/5731\/revisions"}],"wp:featuredmedia":[{"embeddable":true,"href":"https:\/\/archives.regards.fr\/index.php?rest_route=\/wp\/v2\/media\/17003"}],"wp:attachment":[{"href":"https:\/\/archives.regards.fr\/index.php?rest_route=%2Fwp%2Fv2%2Fmedia&parent=5731"}],"wp:term":[{"taxonomy":"category","embeddable":true,"href":"https:\/\/archives.regards.fr\/index.php?rest_route=%2Fwp%2Fv2%2Fcategories&post=5731"},{"taxonomy":"post_tag","embeddable":true,"href":"https:\/\/archives.regards.fr\/index.php?rest_route=%2Fwp%2Fv2%2Ftags&post=5731"}],"curies":[{"name":"wp","href":"https:\/\/api.w.org\/{rel}","templated":true}]}}