{"id":5730,"date":"2012-10-25T18:23:47","date_gmt":"2012-10-25T16:23:47","guid":{"rendered":"https:\/\/wp.muchomaas.com\/s-unir-contre-l-austerite5730\/"},"modified":"2023-06-23T23:12:32","modified_gmt":"2023-06-23T21:12:32","slug":"s-unir-contre-l-austerite5730","status":"publish","type":"post","link":"https:\/\/archives.regards.fr\/?p=5730","title":{"rendered":"S&#8217;unir contre l&#8217;aust\u00e9rit\u00e9"},"content":{"rendered":"<p class=\"post_excerpt\">La Conf\u00e9d\u00e9ration europ\u00e9enne des syndicats (CES) appelle \u00e0 une nouvelle manifestation europ\u00e9enne, le 14 novembre prochain, contre les mesures d&#8217;aust\u00e9rit\u00e9 mises en \u0153uvre par les dirigeants de l&#8217;Union. Une \u00e9ni\u00e8me tentative de f\u00e9d\u00e9rer \u00e0 un \u00e9chelon sup\u00e9rieur les salari\u00e9s, nombreux \u00e0 participer aux mouvements de protestations qui fleurissent \u00e0 travers toute l&#8217;Europe.<\/p>\n<p>Ils manifestent partout, depuis des mois. Ils \u00e9taient dans la rue \u00e0 Madrid, Lisbonne, Ath\u00e8nes, Rome et m\u00eame \u00e0 Londres samedi dernier, o\u00f9 des dizaines de milliers de personnes se sont rassembl\u00e9es pour protester contre les coupes budg\u00e9taires annonc\u00e9es par le gouvernement britannique. Le 14 novembre prochain, les citoyens europ\u00e9ens devraient cette fois-ci d\u00e9filer ensemble, des quatre coins de l&#8217;Union, unis sous la m\u00eame banderole. L&#8217;appel a \u00e9t\u00e9 lanc\u00e9 par la Conf\u00e9d\u00e9ration europ\u00e9enne des syndicats [[La CES regroupe 85 organisations syndicales dans 36 pays europ\u00e9ens ainsi que 10 f\u00e9d\u00e9rations sectorielles. ]], qui a r\u00e9cemment r\u00e9dig\u00e9 un manifeste pour un  \u00ab\u00a0contrat social\u00a0\u00bb en Europe. Il se base sur le refus des seules politiques d&#8217;aust\u00e9rit\u00e9, et sur la d\u00e9finition d&#8217;un nouveau cap, articul\u00e9 autour du <em>\u00ab\u00a0dialogue social et des n\u00e9gociations collectives, de la gouvernance \u00e9conomique pour une croissance et des emplois durables et de la justice \u00e9conomique, fiscale et sociale\u00a0\u00bb.<\/em> Vaste programme, \u00e0 l&#8217;heure o\u00f9 l&#8217;assainissement des finances publiques semblent \u00eatre le seul credo des Etats europ\u00e9ens et de la Commission. La CES, habitu\u00e9e \u00e0 jongler avec la pens\u00e9e lib\u00e9rale qui impr\u00e8gne actuellement les institutions europ\u00e9ennes, s&#8217;appuie donc avec malice dans le texte de son appel sur le mea culpa du Fond mon\u00e9taire international pour tenter d&#8217;infl\u00e9chir la Commission\u00a0: <em>\u00ab le FMI reconna\u00eet, aujourd\u2019hui, qu\u2019il a fait de graves erreurs dans ses calculs concernant les cons\u00e9quences des mesures d\u2019aust\u00e9rit\u00e9 sur la croissance. Ces erreurs ont un impact incalculable sur la vie quotidienne des travailleurs et des citoyens que la CES repr\u00e9sente, et remettent en cause le fondement des mesures d\u2019aust\u00e9rit\u00e9 avanc\u00e9es par le pacte budg\u00e9taire et impos\u00e9es par la Tro\u00efka.\u00a0\u00bb<\/em><\/p>\n<h2>En France, vers un consensus syndical<\/h2>\n<p>Sur le mode d&#8217;action, l&#8217;Espagne et le Portugal ont d\u00e9j\u00e0 test\u00e9 ces derni\u00e8res semaines le concept de la \u00ab\u00a0manifestation ib\u00e9rique\u00a0\u00bb, soucieux de rassembler large et de peser sur les d\u00e9cisions budg\u00e9taires de part et d&#8217;autre de la p\u00e9ninsule. A Ath\u00e8nes, des militants de toutes les nationalit\u00e9s se pressent pour soutenir l&#8217;un des peuples les plus durement touch\u00e9s par les cons\u00e9quences socio-\u00e9conomiques de la crise. On a aussi vu en Allemagne, d\u00e9but octobre, le dirigeant de la coalition de la gauche radicale hell\u00e9nique, Alexis Tsipras, tenir la vedette lors d&#8217;une manifestation des syndicats et partis d&#8217;opposition allemands, en lutte pour une meilleure redistribution des produits de la croissance&#8230; Une plus grande convergence des forces syndicales et politiques europ\u00e9ennes semble donc d\u00e9sormais act\u00e9e.<br \/>\nEn France, les syndicats, jusqu&#8217;ici divis\u00e9s sur l&#8217;attitude \u00e0 adopter vis-\u00e0-vis du pacte budg\u00e9taire vot\u00e9 au Parlement <a href=\"http:\/\/www.slate.fr\/story\/62339\/tscg-pacte-budgetaire-europeen-opposants\">le 9 octobre dernier<\/a>, devraient \u00e9galement se mettre d&#8217;accord pour participer largement \u00e0 cette journ\u00e9e d&#8217;action europ\u00e9enne. Une intersyndicale devrait se tenir la semaine prochaine sur le sujet. <\/p>\n<h2>Pousser l&#8217;action \u00e0 27<\/h2>\n<p>Reste \u00e0 d\u00e9montrer l&#8217;efficacit\u00e9 de ce type de mouvement ponctuel pan-europ\u00e9en. Plus de 25 euro-manifestation ont \u00e9t\u00e9 organis\u00e9es depuis 1993, selon la CES, et nombre d&#8217;entre elles n&#8217;ont pas eu le succ\u00e8s escompt\u00e9, d&#8217;autant qu&#8217;elles peinent \u00e0 rassembler \u00e0 parts \u00e9gales les europ\u00e9ens de l&#8217;est et de l&#8217;ouest. Contest\u00e9e nationalement en tant que mode op\u00e9ratoire, la simple manifestation, relativement inoffensive, montre aussi ses limites. Le Portugal, l&#8217;Espagne et la Gr\u00e8ce se sont d&#8217;ailleurs d\u00e9j\u00e0 mis d&#8217;accord\u00a0: le 14 novembre, les salari\u00e9s ne se contenteront pas de tracts et de fumig\u00e8nes&#8230; Les principaux syndicats des trois pays ont lanc\u00e9 parall\u00e8lement un appel \u00e0 la gr\u00e8ve g\u00e9n\u00e9rale.<div id='gallery-1' class='gallery galleryid-5730 gallery-columns-3 gallery-size-thumbnail'><figure class='gallery-item'>\n\t\t\t<div class='gallery-icon landscape'>\n\t\t\t\t<a href='https:\/\/archives.regards.fr\/wp-content\/uploads\/2012\/10\/confs-fa1.jpg'><img loading=\"lazy\" decoding=\"async\" width=\"150\" height=\"150\" src=\"https:\/\/archives.regards.fr\/wp-content\/uploads\/2012\/10\/confs-fa1-150x150.jpg\" class=\"attachment-thumbnail size-thumbnail\" alt=\"S&#039;unir contre l&#039;aust\u00e9rit\u00e9\" aria-describedby=\"gallery-1-17001\" \/><\/a>\n\t\t\t<\/div>\n\t\t\t\t<figcaption class='wp-caption-text gallery-caption' id='gallery-1-17001'>\n\t\t\t\tS&#8217;unir contre l&#8217;aust\u00e9rit\u00e9\n\t\t\t\t<\/figcaption><\/figure>\n\t\t<\/div>\n<\/p>\n","protected":false},"excerpt":{"rendered":"<p>La Conf\u00e9d\u00e9ration europ\u00e9enne des syndicats (CES) appelle \u00e0 une nouvelle manifestation europ\u00e9enne, le 14 novembre prochain, contre les mesures d&#8217;aust\u00e9rit\u00e9 mises en \u0153uvre par les dirigeants de l&#8217;Union. Une \u00e9ni\u00e8me tentative de f\u00e9d\u00e9rer \u00e0 un \u00e9chelon sup\u00e9rieur les salari\u00e9s, nombreux \u00e0 participer aux mouvements de protestations qui fleurissent \u00e0 travers toute l&#8217;Europe.<\/p>\n","protected":false},"author":1,"featured_media":17001,"comment_status":"open","ping_status":"open","sticky":false,"template":"","format":"standard","meta":{"_themeisle_gutenberg_block_has_review":false,"footnotes":""},"categories":[141],"tags":[352],"class_list":["post-5730","post","type-post","status-publish","format-standard","has-post-thumbnail","hentry","category-archives-web","tag-europe"],"_links":{"self":[{"href":"https:\/\/archives.regards.fr\/index.php?rest_route=\/wp\/v2\/posts\/5730","targetHints":{"allow":["GET"]}}],"collection":[{"href":"https:\/\/archives.regards.fr\/index.php?rest_route=\/wp\/v2\/posts"}],"about":[{"href":"https:\/\/archives.regards.fr\/index.php?rest_route=\/wp\/v2\/types\/post"}],"author":[{"embeddable":true,"href":"https:\/\/archives.regards.fr\/index.php?rest_route=\/wp\/v2\/users\/1"}],"replies":[{"embeddable":true,"href":"https:\/\/archives.regards.fr\/index.php?rest_route=%2Fwp%2Fv2%2Fcomments&post=5730"}],"version-history":[{"count":0,"href":"https:\/\/archives.regards.fr\/index.php?rest_route=\/wp\/v2\/posts\/5730\/revisions"}],"wp:featuredmedia":[{"embeddable":true,"href":"https:\/\/archives.regards.fr\/index.php?rest_route=\/wp\/v2\/media\/17001"}],"wp:attachment":[{"href":"https:\/\/archives.regards.fr\/index.php?rest_route=%2Fwp%2Fv2%2Fmedia&parent=5730"}],"wp:term":[{"taxonomy":"category","embeddable":true,"href":"https:\/\/archives.regards.fr\/index.php?rest_route=%2Fwp%2Fv2%2Fcategories&post=5730"},{"taxonomy":"post_tag","embeddable":true,"href":"https:\/\/archives.regards.fr\/index.php?rest_route=%2Fwp%2Fv2%2Ftags&post=5730"}],"curies":[{"name":"wp","href":"https:\/\/api.w.org\/{rel}","templated":true}]}}