{"id":5721,"date":"2012-10-24T16:32:03","date_gmt":"2012-10-24T14:32:03","guid":{"rendered":"https:\/\/wp.muchomaas.com\/europe-une-revolution-par-en-haut5721\/"},"modified":"2012-10-24T16:32:03","modified_gmt":"2012-10-24T14:32:03","slug":"europe-une-revolution-par-en-haut5721","status":"publish","type":"post","link":"https:\/\/archives.regards.fr\/?p=5721","title":{"rendered":"Europe : une r\u00e9volution par en haut ou par en bas ? Les points de vue de Daniel Cohn-Bendit et d&#8217;\u00c9tienne Balibar"},"content":{"rendered":"<p class=\"post_excerpt\">Les voies de l\u2019Europe solidaire sont-elles imp\u00e9n\u00e9trables ? Daniel Cohn-Bendit et Etienne Balibar ont r\u00e9cemment indiqu\u00e9 deux  chemins diff\u00e9rents pour sortir de l\u2019impasse. <\/p>\n<p><em>\u00ab L\u2019avenir de l\u2019Europe sera postnational ou ne sera pas \u00bb<\/em>, affirme Daniel Cohn-Bendit dans <em>Debout l\u2019Europe ! <\/em> (1), paru simultan\u00e9ment dans plusieurs pays de l\u2019Union fin septembre. Le d\u00e9put\u00e9, copr\u00e9sident du groupe des Verts au parlement europ\u00e9en, a publi\u00e9 avec le lib\u00e9ral belge Guy Verhofstadt un manifeste pour une Europe f\u00e9d\u00e9rale. Leur hypoth\u00e8se : seule une r\u00e9volution institutionnelle \u2013 avec la cr\u00e9ation d\u2019un gouvernement, d\u2019un budget de solidarit\u00e9 et d\u2019investissement, d\u2019un passeport europ\u00e9ens \u2013 peut sortir l\u2019Europe du marasme. <em>\u00ab On ne peut r\u00e9pondre au probl\u00e8me de la crise financi\u00e8re, \u00e9cologique, \u00e9conomique que par l\u2019Europe f\u00e9d\u00e9rale \u00bb<\/em>, a-t-il affirm\u00e9 lors de la conf\u00e9rence de presse organis\u00e9e \u00e0 Paris le 5 octobre dernier. <em>\u00ab C\u2019est une Europe capable d\u2019intervenir. \u00bb<\/em> Un levier pour la cr\u00e9ation d\u2019un fonds d\u2019amortissement de la dette, notamment, afin d\u2019aider les pays les plus d\u00e9munis comme la Gr\u00e8ce. Quid du TSCG ? Sur cet objet de discorde avec une partie d\u2019Europe \u00e9cologie les Verts, la position de Cohn-Bendit rel\u00e8ve du donnant-donnant. Il faudrait donner des gages de responsabilit\u00e9 budg\u00e9taire \u00e0 Angela Merkel pour obtenir gain de cause sur la solidarit\u00e9. <em>\u00ab Les Verts allemands ont dit qu\u2019ils ne soutiendraient ce trait\u00e9 que si l\u2019Allemagne s\u2019engageait \u00e0 soutenir une taxe sur les transactions financi\u00e8res. Une taxe qui rapporte 50 milliards d\u2019euros par an alors que le budget europ\u00e9en repr\u00e9sente 100 milliards \u00bb<\/em>, a-t-il expliqu\u00e9. Peu importe, selon lui, que le TSCG n\u2019avance rien sur la mutualisation de la dette, car <em>\u00ab dans le combat politique, on peut faire \u00e9voluer les choses \u00bb<\/em>. <\/p>\n<p>Il y aurait urgence. Pour les auteurs, <em>\u00ab l&#8217;\u00e8re de la gesticulation aux Sommets est r\u00e9volue, le moment est venu de la r\u00e9alisation \u00bb<\/em>. Dans un entretien donn\u00e9 au magazine <em>Le Point<\/em> le 2 octobre, le d\u00e9put\u00e9 Vert europ\u00e9en pointe le risque des nationalismes extr\u00eames. <em>\u00ab Quand des soci\u00e9t\u00e9s sont d\u00e9sesp\u00e9r\u00e9es, elles se retournent vers l\u2019autoritarisme et vers le chef, constate-t-il. C\u2019est clair qu\u2019en ce moment, la substance d\u00e9mocratique de nos soci\u00e9t\u00e9s en prend un coup. Sur la Gr\u00e8ce, je fais toujours le parall\u00e8le avec l\u2019Allemagne \u00e0 la sortie de la Premi\u00e8re Guerre mondiale. On a fait l\u2019erreur de mettre ce pays \u00e0 genoux et il s\u2019en est remis au fascisme. Aujourd\u2019hui, on est en train de mettre la Gr\u00e8ce \u00e0 genoux. Devant la pauvret\u00e9 qui gagne, j\u2019ai peur qu\u2019on arrive \u00e0 une Gr\u00e8ce ing\u00e9rable, avec au final le retour des colonels. On assiste \u00e0 une mont\u00e9e de l\u2019extr\u00eame droite nazie, violente, et on voit le moment o\u00f9 la soci\u00e9t\u00e9 grecque pourrait chavirer vers une solution qui donnerait le pouvoir \u00e0 l\u2019arm\u00e9e. \u00bb<\/em> Pour la refondation qu\u2019il appelle de ses v\u0153ux, il pr\u00f4ne une voie l\u00e9gislative et r\u00e9f\u00e9rendaire. Apr\u00e8s les \u00e9lections europ\u00e9ennes de 2014, l\u2019id\u00e9e serait de cr\u00e9er une constituante qui formulerait une loi fondamentale europ\u00e9enne, suivie d&#8217;un r\u00e9f\u00e9rendum europ\u00e9en. Cette \u00ab r\u00e9volution \u00bb est-elle une <em>\u00ab utopie plausible \u00bb<\/em> ?<\/p>\n<p>Le philosophe Etienne Balibar ne croit pas, quant \u00e0 lui, \u00e0 une refondation par <em>\u00ab en haut \u00bb<\/em>. Il s\u2019en explique dans sa contribution au num\u00e9ro d\u2019octobre de la revue <em>Lignes<\/em> (2), \u00ab De la crise grecque \u00e0 la refondation de l\u2019Europe ? \u00bb.  Qu&#8217;est-ce que cette <em>\u00ab m\u00e9thode \u00ab r\u00e9volutionnaire \u00bb<\/em> ? <em>\u00ab C&#8217;est ce qu\u2019on appelle le \u201csaut f\u00e9d\u00e9ral\u201d, c\u2019est-\u00e0-dire l\u2019institution sous la contrainte du gouvernement susceptible de juguler la crise mon\u00e9taire et financi\u00e8re et de faire en sorte que tous les pays europ\u00e9ens s\u2019imposent une \u201cdiscipline\u201d commune en mati\u00e8re de d\u00e9penses publiques. \u00bb<\/em> Et qui la d\u00e9fend ? Si une tendance souverainiste <em>\u00ab avou\u00e9e ou inavou\u00e9e (particuli\u00e8rement influente en France) \u00bb<\/em> s\u2019y oppose, elle est pr\u00f4n\u00e9e par diff\u00e9rents think tanks et une partie de l\u2019establishment politique, notamment en Allemagne, mais aussi en Italie. Pour le philosophe, l\u2019\u00e9cueil d\u2019une telle centralisation f\u00e9d\u00e9rale tient au d\u00e9ni des peuples qu\u2019elle suppose. Elle prend <em>\u00ab la forme d\u2019une v\u00e9ritable r\u00e9volution par en haut, qui n\u2019est pas accept\u00e9e, encore moins r\u00e9clam\u00e9e par la grande majorit\u00e9 des peuples europ\u00e9ens \u00bb. <\/em> Elle rencontrera donc n\u00e9cessairement un probl\u00e8me de l\u00e9gitimit\u00e9.<br \/>\nDu coup, quelle voie emprunter, compatible avec une Europe des citoyens, pour aller vers une Europe plus solidaire ? Car c\u2019est l\u00e0, semble-t-il, un objectif commun \u00e0 Daniel Cohn-Bendit et Etienne Balibar \u2013 lequel d\u00e9plore <em>\u00ab l\u2019effondrement de la conception \u201csolidariste\u201d de la construction europ\u00e9enne \u00bb<\/em>. Il r\u00e9sume l\u2019alternative : <em>\u00ab Ou bien la situation \u201cnormale\u201d est l\u2019isolement d\u2019un \u201cennemi\u201d du syst\u00e8me, ou bien c\u2019est la protection d\u2019un \u201cmaillon faible\u201d au sein d\u2019un ensemble solidaire. \u00bb<\/em> Le philosophe d\u00e9fend une r\u00e9volution par en bas. Cette refondation, plus d\u00e9mocratique, reposerait sur les citoyens europ\u00e9ens eux-m\u00eames et leurs porte-parole. Il en appelle \u00e0 <em>\u00ab l\u2019analyse collective des processus qui ont conduit \u00e0 l\u2019impasse et \u00e0 l\u2019implosion du \u201cprojet europ\u00e9en\u201d \u00bb<\/em>, afin de <em>\u00ab d\u00e9gager de cette analyse des perspectives majoritairement acceptables, tout en disposant des moyens politiques de les mettre en \u0153uvre \u00bb<\/em>. Le pari est p\u00e9rilleux. Pour en accr\u00e9diter la n\u00e9cessit\u00e9, il faut en effet miser sur une r\u00e9action populaire de solidarit\u00e9 constructive \u00e0 une nouvelle aggravation de la crise, plut\u00f4t que de division. En effet, <em>\u00ab une vague de d\u00e9sespoir et une propension \u00e0 adopter des positions souverainistes \u201cextr\u00eames\u201d \u00bb<\/em> n\u2019est pas exclue. Les obstacles sont de taille, voire insurmontables. Comment, par exemple, <em>\u00ab d\u00e9gager un<\/em> int\u00e9r\u00eat commun <em>de nations et de classes antagonistes \u00bb<\/em> ? Le chemin est sem\u00e9 d\u2019emb\u00fbches. Mais si c\u2019\u00e9tait la seule solution ?<\/p>\n<p>(1) <em>Debout l\u2019Europe ! Manifeste pour une r\u00e9volution postnationale en Europe<\/em>, de Daniel Cohn-Bendit et Guy Verhofstadt, \u00e9d. Actes sud\/ Andr\u00e9 Versaille.<br \/>\n(2) \u00ab Le devenir grec de l\u2019Europe n\u00e9olib\u00e9rale \u00bb, <em>Lignes<\/em> n\u00b0 39, octobre 2012, \u00e9d. Nouvelles \u00e9ditions Lignes.<\/p>\n","protected":false},"excerpt":{"rendered":"<p>Les voies de l\u2019Europe solidaire sont-elles imp\u00e9n\u00e9trables ? Daniel Cohn-Bendit et Etienne Balibar ont r\u00e9cemment indiqu\u00e9 deux  chemins diff\u00e9rents pour sortir de l\u2019impasse. <\/p>\n","protected":false},"author":573,"featured_media":0,"comment_status":"open","ping_status":"open","sticky":false,"template":"","format":"standard","meta":{"_themeisle_gutenberg_block_has_review":false,"footnotes":""},"categories":[141],"tags":[291],"class_list":["post-5721","post","type-post","status-publish","format-standard","hentry","category-archives-web","tag-analyse"],"_links":{"self":[{"href":"https:\/\/archives.regards.fr\/index.php?rest_route=\/wp\/v2\/posts\/5721","targetHints":{"allow":["GET"]}}],"collection":[{"href":"https:\/\/archives.regards.fr\/index.php?rest_route=\/wp\/v2\/posts"}],"about":[{"href":"https:\/\/archives.regards.fr\/index.php?rest_route=\/wp\/v2\/types\/post"}],"author":[{"embeddable":true,"href":"https:\/\/archives.regards.fr\/index.php?rest_route=\/wp\/v2\/users\/573"}],"replies":[{"embeddable":true,"href":"https:\/\/archives.regards.fr\/index.php?rest_route=%2Fwp%2Fv2%2Fcomments&post=5721"}],"version-history":[{"count":0,"href":"https:\/\/archives.regards.fr\/index.php?rest_route=\/wp\/v2\/posts\/5721\/revisions"}],"wp:attachment":[{"href":"https:\/\/archives.regards.fr\/index.php?rest_route=%2Fwp%2Fv2%2Fmedia&parent=5721"}],"wp:term":[{"taxonomy":"category","embeddable":true,"href":"https:\/\/archives.regards.fr\/index.php?rest_route=%2Fwp%2Fv2%2Fcategories&post=5721"},{"taxonomy":"post_tag","embeddable":true,"href":"https:\/\/archives.regards.fr\/index.php?rest_route=%2Fwp%2Fv2%2Ftags&post=5721"}],"curies":[{"name":"wp","href":"https:\/\/api.w.org\/{rel}","templated":true}]}}