{"id":5720,"date":"2012-10-24T15:12:25","date_gmt":"2012-10-24T13:12:25","guid":{"rendered":"https:\/\/wp.muchomaas.com\/table-ronde-sur-l-avenir-du-front5720\/"},"modified":"2023-06-23T23:12:30","modified_gmt":"2023-06-23T21:12:30","slug":"table-ronde-sur-l-avenir-du-front5720","status":"publish","type":"post","link":"https:\/\/archives.regards.fr\/?p=5720","title":{"rendered":"Table ronde sur l&#8217;avenir du Front de gauche, les \u00e9chos\u2026"},"content":{"rendered":"<p class=\"post_excerpt\">Le 24 septembre dernier, nous r\u00e9unissions le temps d&#8217;un p&#8217;tit d\u00e8j&#8217;, plusieurs personnalit\u00e9s de la gauche radicale pour d\u00e9battre de l&#8217;avenir du Front de gauche. \u00c0 l&#8217;issue de cette rencontre, nous avons recueilli leurs impressions que nous vous restituons sous la forme de petits croquis sonores. \u00c0 voir et \u00e0 entendre.<\/p>\n<p><strong>Myriam Martin, animatrice de Gauche anticapitaliste<\/strong><br \/>\n<iframe loading=\"lazy\" width=\"460\" height=\"259\" src=\"http:\/\/www.youtube.com\/embed\/B3KUxSAc92g\" frameborder=\"0\" allowfullscreen><\/iframe><br clear=\"all\"><\/p>\n<p><strong>Eric Coquerel, secr\u00e9taire national du Parti de gauche<\/strong><br \/>\n<iframe loading=\"lazy\" frameborder=\"0\" width=\"460\" height=\"259\" src=\"http:\/\/www.dailymotion.com\/embed\/video\/xu8f28\"><\/iframe><br clear=\"all\"><\/p>\n<p><strong>Ian Brossat, conseiller PCF de Paris<\/strong><br \/>\n<iframe loading=\"lazy\" width=\"460\" height=\"259\" src=\"http:\/\/www.youtube.com\/embed\/C_08y9AQGT8\" frameborder=\"0\" allowfullscreen><\/iframe><br clear=\"all\"><\/p>\n<p><strong>Christophe Aguiton, militant associatif<br \/>\n<\/strong><br \/>\n<iframe loading=\"lazy\" width=\"460\" height=\"259\" src=\"http:\/\/www.youtube.com\/embed\/oQWqc2bo91Y?rel=0\" frameborder=\"0\" allowfullscreen><\/iframe><br clear=\"all\"><\/p>\n<p><strong>Table ronde<\/strong> \u00e0 lire dans notre e-mensuel d&#8217;octobre 2012 : <\/p>\n<p><object style=\"width:420px;height:298px\" ><param name=\"movie\" value=\"http:\/\/static.issuu.com\/webembed\/viewers\/style1\/v2\/IssuuReader.swf?mode=mini&#038;embedBackground=%23ffffff&#038;backgroundColor=%23222222&#038;documentId=121003163840-9f1e1e91020c4c56bd9288ceae6a2330\" \/><param name=\"allowfullscreen\" value=\"true\"\/><param name=\"menu\" value=\"false\"\/><param name=\"wmode\" value=\"transparent\"\/><embed src=\"http:\/\/static.issuu.com\/webembed\/viewers\/style1\/v2\/IssuuReader.swf\" type=\"application\/x-shockwave-flash\" allowfullscreen=\"true\" menu=\"false\" wmode=\"transparent\" style=\"width:420px;height:298px\" flashvars=\"mode=mini&#038;embedBackground=%23ffffff&#038;backgroundColor=%23222222&#038;documentId=121003163840-9f1e1e91020c4c56bd9288ceae6a2330\" \/><\/object><div id='gallery-1' class='gallery galleryid-5720 gallery-columns-3 gallery-size-thumbnail'><figure class='gallery-item'>\n\t\t\t<div class='gallery-icon landscape'>\n\t\t\t\t<a href='https:\/\/archives.regards.fr\/wp-content\/uploads\/2012\/10\/tableb-608.jpg'><img loading=\"lazy\" decoding=\"async\" width=\"150\" height=\"150\" src=\"https:\/\/archives.regards.fr\/wp-content\/uploads\/2012\/10\/tableb-608-150x150.jpg\" class=\"attachment-thumbnail size-thumbnail\" alt=\"Table ronde sur l&#039;avenir du Front de gauche, les \u00e9chos\u2026\" aria-describedby=\"gallery-1-16984\" \/><\/a>\n\t\t\t<\/div>\n\t\t\t\t<figcaption class='wp-caption-text gallery-caption' id='gallery-1-16984'>\n\t\t\t\tTable ronde sur l&#8217;avenir du Front de gauche, les \u00e9chos\u2026\n\t\t\t\t<\/figcaption><\/figure><figure class='gallery-item'>\n\t\t\t<div class='gallery-icon landscape'>\n\t\t\t\t<a href='https:\/\/archives.regards.fr\/wp-content\/uploads\/2012\/10\/tablec-5de.jpg'><img loading=\"lazy\" decoding=\"async\" width=\"80\" height=\"55\" src=\"https:\/\/archives.regards.fr\/wp-content\/uploads\/2012\/10\/tablec-5de.jpg\" class=\"attachment-thumbnail size-thumbnail\" alt=\"Table ronde sur l&#039;avenir du Front de gauche, les \u00e9chos\u2026\" aria-describedby=\"gallery-1-16985\" \/><\/a>\n\t\t\t<\/div>\n\t\t\t\t<figcaption class='wp-caption-text gallery-caption' id='gallery-1-16985'>\n\t\t\t\tTable ronde sur l&#8217;avenir du Front de gauche, les \u00e9chos\u2026\n\t\t\t\t<\/figcaption><\/figure>\n\t\t<\/div>\n<\/p>\n","protected":false},"excerpt":{"rendered":"<p>Le 24 septembre dernier, nous r\u00e9unissions le temps d&#8217;un p&#8217;tit d\u00e8j&#8217;, plusieurs personnalit\u00e9s de la gauche radicale pour d\u00e9battre de l&#8217;avenir du Front de gauche. \u00c0 l&#8217;issue de cette rencontre, nous avons recueilli leurs impressions que nous vous restituons sous la forme de petits croquis sonores. \u00c0 voir et \u00e0 entendre.<\/p>\n","protected":false},"author":643,"featured_media":16984,"comment_status":"open","ping_status":"open","sticky":false,"template":"","format":"standard","meta":{"_themeisle_gutenberg_block_has_review":false,"footnotes":""},"categories":[141],"tags":[293],"class_list":["post-5720","post","type-post","status-publish","format-standard","has-post-thumbnail","hentry","category-archives-web","tag-entretien"],"_links":{"self":[{"href":"https:\/\/archives.regards.fr\/index.php?rest_route=\/wp\/v2\/posts\/5720","targetHints":{"allow":["GET"]}}],"collection":[{"href":"https:\/\/archives.regards.fr\/index.php?rest_route=\/wp\/v2\/posts"}],"about":[{"href":"https:\/\/archives.regards.fr\/index.php?rest_route=\/wp\/v2\/types\/post"}],"author":[{"embeddable":true,"href":"https:\/\/archives.regards.fr\/index.php?rest_route=\/wp\/v2\/users\/643"}],"replies":[{"embeddable":true,"href":"https:\/\/archives.regards.fr\/index.php?rest_route=%2Fwp%2Fv2%2Fcomments&post=5720"}],"version-history":[{"count":0,"href":"https:\/\/archives.regards.fr\/index.php?rest_route=\/wp\/v2\/posts\/5720\/revisions"}],"wp:featuredmedia":[{"embeddable":true,"href":"https:\/\/archives.regards.fr\/index.php?rest_route=\/wp\/v2\/media\/16984"}],"wp:attachment":[{"href":"https:\/\/archives.regards.fr\/index.php?rest_route=%2Fwp%2Fv2%2Fmedia&parent=5720"}],"wp:term":[{"taxonomy":"category","embeddable":true,"href":"https:\/\/archives.regards.fr\/index.php?rest_route=%2Fwp%2Fv2%2Fcategories&post=5720"},{"taxonomy":"post_tag","embeddable":true,"href":"https:\/\/archives.regards.fr\/index.php?rest_route=%2Fwp%2Fv2%2Ftags&post=5720"}],"curies":[{"name":"wp","href":"https:\/\/api.w.org\/{rel}","templated":true}]}}