{"id":5712,"date":"2012-10-22T16:33:01","date_gmt":"2012-10-22T14:33:01","guid":{"rendered":"https:\/\/wp.muchomaas.com\/services-publics-on-sent-une5712\/"},"modified":"2023-06-23T23:12:29","modified_gmt":"2023-06-23T21:12:29","slug":"services-publics-on-sent-une5712","status":"publish","type":"post","link":"https:\/\/archives.regards.fr\/?p=5712","title":{"rendered":"Services publics : &#8220;On sent une h\u00e9sitation du gouvernement&#8221;"},"content":{"rendered":"<p class=\"post_excerpt\">Devant la trag\u00e9die de l&#8217;accident mortel survenu le week-end dernier sur l&#8217;autoroute A20, remettant au coeur de l&#8217;actualit\u00e9 politique la question du d\u00e9mant\u00e8lement des services publics, Patrick Hallinger, membre de la direction de la Convergence nationale des collectifs de d\u00e9fense et de d\u00e9veloppement des services publics, r\u00e9pond aux questions de <em>Regards<\/em>.\n<\/p>\n<p><strong>Regards.fr. <\/strong> <em> <strong>Comment r\u00e9agissez-vous devant l&#8217;accouchement mortel qui a eu lieu sur l&#8217;A20 vendredi dernier ?<\/strong>   <\/em> <\/p>\n<p><strong>Patrick Hallinger. <\/strong> C&#8217;est un drame \u00e9pouvantable et qui \u00e9tait malheureusement pr\u00e9visible. D\u00e8s 2005, lors du lancement de notre mouvement de d\u00e9fense des services publics, nous avions initi\u00e9 un grand d\u00e9bat de soci\u00e9t\u00e9 sur cette question. Le collectif rassemblait des mouvements de d\u00e9fense des h\u00f4pitaux et des maternit\u00e9s de proximit\u00e9 mais aussi des \u00e9coles \u2013 qui sont menac\u00e9es notamment dans les territoires ruraux. Plus que jamais ces trag\u00e9dies nous invitent \u00e0 redoubler de vigilance et \u00e0 poursuivre la mobilisation \u00e0 l&#8217;\u00e9chelle nationale et plus largement au niveau europ\u00e9en, pour d\u00e9fendre un service public pour tous, accessible et de qualit\u00e9. <\/p>\n<p><em> <strong>Quel peut-\u00eatre le r\u00f4le des pouvoirs publics ?<br \/>\n<\/strong> <\/em><\/p>\n<p>Le pr\u00e9sident a demand\u00e9 une enqu\u00eate concernant sur cet accident mortel. Il faut attendre les conclusions de cette enqu\u00eate. Cela \u00e9tant, le diagnostic est connu de tous, \u00e0 commencer par les \u00e9lu-es : il y a une profonde d\u00e9t\u00e9rioration des services publics. Souvent ces m\u00eame \u00e9lu-es territoriaux s&#8217;\u00e9taient mobilis\u00e9s en 2005 pour d\u00e9fendre un service public de qualit\u00e9, partout et pour tous (cf. manifestation en 2005 dans les rues de Gu\u00e9ret (23) pour d\u00e9fendre les services publics et qui a fait naitre la convergence nationale des collectifs de d\u00e9fense des services publics). Aujourd&#8217;hui il faut aller plus loin, il faut certes une prise de conscience et une mobilisation politique, mais il faut que les syndicats et les citoyens s&#8217;emparent de cette question centrale des services publics. <\/p>\n<p><em> <strong>Comment enrayer le d\u00e9mant\u00e8lement des services publics ? <\/strong>  <\/em> <\/p>\n<p>Il faut d\u00e9passer la seule logique financi\u00e8re. Il faut repenser le projet de soci\u00e9t\u00e9 en pla\u00e7ant la question des services publics au coeur des politiques publiques. Il importe de revenir aux fondamentaux de la s\u00e9curit\u00e9 sociale. La s\u00e9curit\u00e9 sociale doit constituer un droit inali\u00e9nable, universel. Notre mouvement s&#8217;\u00e9tait \u00e9lev\u00e9 contre le TCE en 2005 car il constituait une nouvelle \u00e9tape de mise en cause des services publics. Le gouvernement doit r\u00e9affirmer que les services publics, singuli\u00e8rement la sant\u00e9, sont un droit commun, un acquis sur lequel on ne peut revenir. Et agir concr\u00e8tement, c&#8217;est \u00e0 dire donner les moyens aux services publics de fonctionner, qu&#8217;il s&#8217;agisse de l&#8217;\u00e9cole, de la sant\u00e9, de l&#8217;emploi etc.<\/p>\n<p><em> <strong>Quel est votre regard sur l&#8217;action du gouvernement ?<\/strong> <\/em> <\/p>\n<p>Le gouvernement est devant des choix budg\u00e9taires importants. Il est face \u00e0 un rendez-vous historique. Il peut changer la donne. Il doit placer l&#8217;humain au coeur de sa politique. Les services publics participent du vivre ensemble. Il est le garant du d\u00e9veloppement de l&#8217;emploi, de l&#8217;\u00e9galit\u00e9 entre les territoires. Un pays dynamique et prosp\u00e8re, c&#8217;est un pays qui investit dans l&#8217;industrie et le tertiaire mais qui s&#8217;appuie aussi sur des services publics forts. Ces secteurs d&#8217;activit\u00e9s sont interd\u00e9pendants. Les services publics ne peuvent pas \u00eatre mis en concurrence ainsi que le pr\u00e9conise le rapport sur la comp\u00e9titivit\u00e9 (ndlr. rapport Gallois). Le gouvernement \u00e9voque des baisse de cotisations sociales. Qui va compenser les pertes ? Les usagers ? C&#8217;est un d\u00e9bat inqui\u00e9tant.<\/p>\n<p><em> <strong>Et comment comptez-vous peser sur les orientations du gouvernement ?<br \/>\n<\/strong> <\/em><\/p>\n<p>Les projets en termes de services publics doivent \u00eatre red\u00e9finis. On sent aujourd&#8217;hui une h\u00e9sitation du gouvernement. Elle est li\u00e9e \u00e0 la question des choix budg\u00e9taires qui ne sont pas tranch\u00e9s. Nous avons une assembl\u00e9e g\u00e9n\u00e9rale de notre mouvement le 1er d\u00e9cembre prochain. Nous allons interpeller le gouvernement pour que le changement s&#8217;op\u00e8re maintenant. Les mobilisations europ\u00e9ennes du 14 novembre \u00e0 l&#8217;appel du CES (conf\u00e9d\u00e9ration europ\u00e9enne des syndicats) pour lutter contre les politiques d&#8217;aust\u00e9rit\u00e9 en Europe vont sans doute sonner le premier acte d&#8217;une mobilisation plus large.<br \/>\n<div id='gallery-1' class='gallery galleryid-5712 gallery-columns-3 gallery-size-thumbnail'><figure class='gallery-item'>\n\t\t\t<div class='gallery-icon landscape'>\n\t\t\t\t<a href='https:\/\/archives.regards.fr\/wp-content\/uploads\/2012\/10\/a20-0f9.jpg'><img loading=\"lazy\" decoding=\"async\" width=\"150\" height=\"150\" src=\"https:\/\/archives.regards.fr\/wp-content\/uploads\/2012\/10\/a20-0f9-150x150.jpg\" class=\"attachment-thumbnail size-thumbnail\" alt=\"a20.jpg\" \/><\/a>\n\t\t\t<\/div><\/figure><figure class='gallery-item'>\n\t\t\t<div class='gallery-icon landscape'>\n\t\t\t\t<a href='https:\/\/archives.regards.fr\/wp-content\/uploads\/2012\/10\/a20c-932.jpg'><img loading=\"lazy\" decoding=\"async\" width=\"80\" height=\"55\" src=\"https:\/\/archives.regards.fr\/wp-content\/uploads\/2012\/10\/a20c-932.jpg\" class=\"attachment-thumbnail size-thumbnail\" alt=\"Services publics : &quot;On sent une h\u00e9sitation du gouvernement&quot;\" aria-describedby=\"gallery-1-16972\" \/><\/a>\n\t\t\t<\/div>\n\t\t\t\t<figcaption class='wp-caption-text gallery-caption' id='gallery-1-16972'>\n\t\t\t\tServices publics : &#8220;On sent une h\u00e9sitation du gouvernement&#8221;\n\t\t\t\t<\/figcaption><\/figure><figure class='gallery-item'>\n\t\t\t<div class='gallery-icon landscape'>\n\t\t\t\t<a href='https:\/\/archives.regards.fr\/wp-content\/uploads\/2012\/10\/a20s-f3c.jpg'><img loading=\"lazy\" decoding=\"async\" width=\"150\" height=\"150\" src=\"https:\/\/archives.regards.fr\/wp-content\/uploads\/2012\/10\/a20s-f3c-150x150.jpg\" class=\"attachment-thumbnail size-thumbnail\" alt=\"Services publics : &quot;On sent une h\u00e9sitation du gouvernement&quot;\" aria-describedby=\"gallery-1-16973\" \/><\/a>\n\t\t\t<\/div>\n\t\t\t\t<figcaption class='wp-caption-text gallery-caption' id='gallery-1-16973'>\n\t\t\t\tServices publics : &#8220;On sent une h\u00e9sitation du gouvernement&#8221;\n\t\t\t\t<\/figcaption><\/figure>\n\t\t<\/div>\n<\/p>\n","protected":false},"excerpt":{"rendered":"<p>Devant la trag\u00e9die de l&#8217;accident mortel survenu le week-end dernier sur l&#8217;autoroute A20, remettant au coeur de l&#8217;actualit\u00e9 politique la question du d\u00e9mant\u00e8lement des services publics, Patrick Hallinger, membre de la direction de la Convergence nationale des collectifs de d\u00e9fense et de d\u00e9veloppement des services publics, r\u00e9pond aux questions de <em>Regards<\/em>. <\/p>\n","protected":false},"author":1039,"featured_media":16971,"comment_status":"open","ping_status":"open","sticky":false,"template":"","format":"standard","meta":{"_themeisle_gutenberg_block_has_review":false,"footnotes":""},"categories":[141],"tags":[293],"class_list":["post-5712","post","type-post","status-publish","format-standard","has-post-thumbnail","hentry","category-archives-web","tag-entretien"],"_links":{"self":[{"href":"https:\/\/archives.regards.fr\/index.php?rest_route=\/wp\/v2\/posts\/5712","targetHints":{"allow":["GET"]}}],"collection":[{"href":"https:\/\/archives.regards.fr\/index.php?rest_route=\/wp\/v2\/posts"}],"about":[{"href":"https:\/\/archives.regards.fr\/index.php?rest_route=\/wp\/v2\/types\/post"}],"author":[{"embeddable":true,"href":"https:\/\/archives.regards.fr\/index.php?rest_route=\/wp\/v2\/users\/1039"}],"replies":[{"embeddable":true,"href":"https:\/\/archives.regards.fr\/index.php?rest_route=%2Fwp%2Fv2%2Fcomments&post=5712"}],"version-history":[{"count":0,"href":"https:\/\/archives.regards.fr\/index.php?rest_route=\/wp\/v2\/posts\/5712\/revisions"}],"wp:featuredmedia":[{"embeddable":true,"href":"https:\/\/archives.regards.fr\/index.php?rest_route=\/wp\/v2\/media\/16971"}],"wp:attachment":[{"href":"https:\/\/archives.regards.fr\/index.php?rest_route=%2Fwp%2Fv2%2Fmedia&parent=5712"}],"wp:term":[{"taxonomy":"category","embeddable":true,"href":"https:\/\/archives.regards.fr\/index.php?rest_route=%2Fwp%2Fv2%2Fcategories&post=5712"},{"taxonomy":"post_tag","embeddable":true,"href":"https:\/\/archives.regards.fr\/index.php?rest_route=%2Fwp%2Fv2%2Ftags&post=5712"}],"curies":[{"name":"wp","href":"https:\/\/api.w.org\/{rel}","templated":true}]}}