{"id":5709,"date":"2012-10-22T15:46:10","date_gmt":"2012-10-22T13:46:10","guid":{"rendered":"https:\/\/wp.muchomaas.com\/des-reformes-structurelles-mais5709\/"},"modified":"2023-06-23T23:12:28","modified_gmt":"2023-06-23T21:12:28","slug":"des-reformes-structurelles-mais5709","status":"publish","type":"post","link":"https:\/\/archives.regards.fr\/?p=5709","title":{"rendered":"Des r\u00e9formes structurelles, mais pour quand ?"},"content":{"rendered":"<p class=\"post_excerpt\">Chronique-vid\u00e9o de Pierre Jacquemain, responsable \u00e9ditorial de regards.fr<\/p>\n<p>L\u2019\u00e9conomie, la fiscalit\u00e9, le syst\u00e8me financier, l\u2019\u00e9cologie, la famille\u2026 Rien ne pourra changer sans modification profonde des institutions. Fran\u00e7ois Hollande avait promis dans ses engagements de campagne des r\u00e9formes structurelles qui se font attendre.<\/p>\n<p><iframe loading=\"lazy\" width=\"460\" height=\"259\" src=\"http:\/\/www.youtube.com\/embed\/89BTSx9LGH0?rel=0\" frameborder=\"0\" allowfullscreen><\/iframe><div id='gallery-1' class='gallery galleryid-5709 gallery-columns-3 gallery-size-thumbnail'><figure class='gallery-item'>\n\t\t\t<div class='gallery-icon landscape'>\n\t\t\t\t<a href='https:\/\/archives.regards.fr\/wp-content\/uploads\/2012\/10\/pierreb-2-738.jpg'><img loading=\"lazy\" decoding=\"async\" width=\"150\" height=\"150\" src=\"https:\/\/archives.regards.fr\/wp-content\/uploads\/2012\/10\/pierreb-2-738-150x150.jpg\" class=\"attachment-thumbnail size-thumbnail\" alt=\"Des r\u00e9formes structurelles, mais pour quand ?\" aria-describedby=\"gallery-1-16963\" \/><\/a>\n\t\t\t<\/div>\n\t\t\t\t<figcaption class='wp-caption-text gallery-caption' id='gallery-1-16963'>\n\t\t\t\tDes r\u00e9formes structurelles, mais pour quand ?\n\t\t\t\t<\/figcaption><\/figure>\n\t\t<\/div>\n<\/p>\n","protected":false},"excerpt":{"rendered":"<p>Chronique-vid\u00e9o de Pierre Jacquemain, responsable \u00e9ditorial de regards.fr<\/p>\n","protected":false},"author":1039,"featured_media":16963,"comment_status":"open","ping_status":"open","sticky":false,"template":"","format":"standard","meta":{"_themeisle_gutenberg_block_has_review":false,"footnotes":""},"categories":[154],"tags":[357],"class_list":["post-5709","post","type-post","status-publish","format-standard","has-post-thumbnail","hentry","category-chronique-video-de-pierre-jacquemain","tag-chronique"],"_links":{"self":[{"href":"https:\/\/archives.regards.fr\/index.php?rest_route=\/wp\/v2\/posts\/5709","targetHints":{"allow":["GET"]}}],"collection":[{"href":"https:\/\/archives.regards.fr\/index.php?rest_route=\/wp\/v2\/posts"}],"about":[{"href":"https:\/\/archives.regards.fr\/index.php?rest_route=\/wp\/v2\/types\/post"}],"author":[{"embeddable":true,"href":"https:\/\/archives.regards.fr\/index.php?rest_route=\/wp\/v2\/users\/1039"}],"replies":[{"embeddable":true,"href":"https:\/\/archives.regards.fr\/index.php?rest_route=%2Fwp%2Fv2%2Fcomments&post=5709"}],"version-history":[{"count":0,"href":"https:\/\/archives.regards.fr\/index.php?rest_route=\/wp\/v2\/posts\/5709\/revisions"}],"wp:featuredmedia":[{"embeddable":true,"href":"https:\/\/archives.regards.fr\/index.php?rest_route=\/wp\/v2\/media\/16963"}],"wp:attachment":[{"href":"https:\/\/archives.regards.fr\/index.php?rest_route=%2Fwp%2Fv2%2Fmedia&parent=5709"}],"wp:term":[{"taxonomy":"category","embeddable":true,"href":"https:\/\/archives.regards.fr\/index.php?rest_route=%2Fwp%2Fv2%2Fcategories&post=5709"},{"taxonomy":"post_tag","embeddable":true,"href":"https:\/\/archives.regards.fr\/index.php?rest_route=%2Fwp%2Fv2%2Ftags&post=5709"}],"curies":[{"name":"wp","href":"https:\/\/api.w.org\/{rel}","templated":true}]}}