{"id":5704,"date":"2012-10-20T18:16:48","date_gmt":"2012-10-20T16:16:48","guid":{"rendered":"https:\/\/wp.muchomaas.com\/rien-ne-serait-pire-qu-un-ps-qui-s5704\/"},"modified":"2023-06-23T23:12:27","modified_gmt":"2023-06-23T21:12:27","slug":"rien-ne-serait-pire-qu-un-ps-qui-s5704","status":"publish","type":"post","link":"https:\/\/archives.regards.fr\/?p=5704","title":{"rendered":"&#8220;Rien ne serait pire qu&#8217;un PS qui s&#8217;atrophie&#8221; Entretien avec Emmanuel Maurel"},"content":{"rendered":"<p class=\"post_excerpt\">Au lendemain du vote des militants pour d\u00e9signer le leader socialiste, Emmanuel Maurel, candidat de l&#8217;aile gauche et qui a r\u00e9alis\u00e9 le score historique de 28%  face \u00e0 Harlem D\u00e9sir, r\u00e9pond aux questions de <em>Regards<\/em>.<\/p>\n<p><strong>Regards.fr.<\/strong> <strong>Votre r\u00e9sultat a-t-il \u00e9t\u00e9 une surprise ?<\/strong><\/p>\n<p><strong>Emmanuel Maurel. <\/strong> Oui c&#8217;est une surprise, c&#8217;est m\u00eame une bonne surprise. Une tr\u00e8s bonne nouvelle. C&#8217;est surtout tr\u00e8s encourageant. Notre r\u00e9sultat est historique et il s&#8217;inscrit dans la dynamique de la p\u00e9riode pr\u00e9 congr\u00e8s, avec le net succ\u00e8s de la motion 3 que l&#8217;on connait. Les militants socialistes aspirent tr\u00e8s largement au renouveau et au changement des pratiques politiques. Ils veulent un parti socialiste ancr\u00e9 \u00e0 gauche qui assume ses valeurs et ses combats et qui d\u00e9fende notamment une vraie grande r\u00e9forme en faveur du monde du travail.<\/p>\n<p><em> <strong>La conjoncture a-t-elle favoris\u00e9 ce r\u00e9sultat selon vous ?<\/strong><br \/>\n <\/em><\/p>\n<p>Le contexte \u00e9conomique n&#8217;est pas favorable aux fran\u00e7ais. C&#8217;est pour \u00e7a qu&#8217;ils aspirent au changement. Les questions du pouvoir d&#8217;achat et de lutte contre le ch\u00f4mage sont au coeur des pr\u00e9occupations du plus grand nombre. Ce que nous disons aujourd&#8217;hui c&#8217;est qu&#8217;il y a une alternative \u00e0 la rigueur. Nous pouvons \u00e9chapper aux politiques d&#8217;aust\u00e9rit\u00e9s. Je crois que notre analyse et nos arguments ont convaincu beaucoup de nos amis socialistes et en effet, nous avons \u00e9t\u00e9 tr\u00e8s largement rejoints sur cette ligne l\u00e0. <\/p>\n<p><em> <strong>Ce n&#8217;est pourtant pas la ligne aujourd&#8217;hui ni du PS ni du gouvernement\u2026<\/strong><br \/>\n <\/em><\/p>\n<p>Je crois que la majorit\u00e9 des militants est d&#8217;accord avec notre analyse. Nous avons encore trois ans pour convaincre plus largement. Un exemple : la limitation du d\u00e9ficit public \u00e0 3% du PIB. Nous \u00e9tions les seuls \u00e0 nous \u00e9lever contre cet objectif. Aujourd&#8217;hui nombreux sont ceux, bien au-del\u00e0 de la motion 3, \u00e0 dire que l&#8217;objectif n&#8217;est pas souhaitable, voire qu&#8217;il est &#8220;absurde&#8221; (ndlr. rapport au propos de J\u00e9r\u00f4me Cahuzac, ministre du budget). Il faut une r\u00e9elle politique de relance, en faveur du pouvoir d&#8217;achat et de l&#8217;investissement productif. Il faut aussi une politique industrielle forte pour stopper l&#8217;h\u00e9morragie sociale et stopper les d\u00e9localisations. Je veux une France avec des usines et des ouvriers. Mais des ouvriers bien pay\u00e9s. <\/p>\n<p><em> <strong>Comment aller-vous peser sur la politique du gouvernement ?<\/strong><br \/>\n <\/em><\/p>\n<p>Nous sommes solidaire du gouvernement mais je plaide pour un parti autonome. Avec son propre rythme.Le PS ne peut pas d\u00e9pendre de l&#8217;agenda du gouvernement. Le PS doit \u00eatre un parti libre de faire des propositions nouvelles. Il doit jouer un r\u00f4le d&#8217;alerte. Je regrette l&#8217;\u00e9pisode des pigeons. On a laiss\u00e9 un groupe de millionnaires faire pression sur le gouvernement qui a tr\u00e8s vite c\u00e9d\u00e9. Le PS n&#8217;a rien dit. La r\u00e9forme fiscale que nous avons d\u00e9fendu pendant la campagne pr\u00e9sidentielle, est pourtant juste et n\u00e9cessaire. Le PS doit se remobiliser. Rien ne serait pire qu&#8217;un PS qui s&#8217;atrophie. <\/p>\n<p><em> <strong>Comment remobiliser le PS ?<\/strong><br \/>\n <\/em><\/p>\n<p>Je vais proposer dans les semaines \u00e0 venir trois grandes campagnes de mobilisation populaire. D&#8217;abord pour interdire les licenciements boursiers, puis pour l&#8217;\u00e9galit\u00e9 salariale entre hommes et femmes et enfin pour le droit de vote des \u00e9trangers. Ca fait trente ans qu&#8217;on en parle. Il est temps d&#8217;agir. Le r\u00f4le d&#8217;un parti c&#8217;est aussi de faire de la sensibilisation et de la p\u00e9dagogie. Par ailleurs, je souhaite que le PS continue \u00e0 \u00eatre pr\u00e9sent dans les luttes et dans le combat social. Je ne perds pas de vue non plus mon plein engagement contre la droite et l&#8217;extr\u00eame droite. Enfin, il nous faut aussi pr\u00e9parer sereinement les prochaines \u00e9ch\u00e9ances \u00e9lectorales.<div id='gallery-1' class='gallery galleryid-5704 gallery-columns-3 gallery-size-thumbnail'><figure class='gallery-item'>\n\t\t\t<div class='gallery-icon landscape'>\n\t\t\t\t<a href='https:\/\/archives.regards.fr\/wp-content\/uploads\/2012\/10\/maurel-459.jpg'><img loading=\"lazy\" decoding=\"async\" width=\"150\" height=\"150\" src=\"https:\/\/archives.regards.fr\/wp-content\/uploads\/2012\/10\/maurel-459-150x150.jpg\" class=\"attachment-thumbnail size-thumbnail\" alt=\"maurel.jpg\" \/><\/a>\n\t\t\t<\/div><\/figure>\n\t\t<\/div>\n<\/p>\n","protected":false},"excerpt":{"rendered":"<p>Au lendemain du vote des militants pour d\u00e9signer le leader socialiste, Emmanuel Maurel, candidat de l&#8217;aile gauche et qui a r\u00e9alis\u00e9 le score historique de 28%  face \u00e0 Harlem D\u00e9sir, r\u00e9pond aux questions de <em>Regards<\/em>.<\/p>\n","protected":false},"author":1039,"featured_media":16952,"comment_status":"open","ping_status":"open","sticky":false,"template":"","format":"standard","meta":{"_themeisle_gutenberg_block_has_review":false,"footnotes":""},"categories":[141],"tags":[293],"class_list":["post-5704","post","type-post","status-publish","format-standard","has-post-thumbnail","hentry","category-archives-web","tag-entretien"],"_links":{"self":[{"href":"https:\/\/archives.regards.fr\/index.php?rest_route=\/wp\/v2\/posts\/5704","targetHints":{"allow":["GET"]}}],"collection":[{"href":"https:\/\/archives.regards.fr\/index.php?rest_route=\/wp\/v2\/posts"}],"about":[{"href":"https:\/\/archives.regards.fr\/index.php?rest_route=\/wp\/v2\/types\/post"}],"author":[{"embeddable":true,"href":"https:\/\/archives.regards.fr\/index.php?rest_route=\/wp\/v2\/users\/1039"}],"replies":[{"embeddable":true,"href":"https:\/\/archives.regards.fr\/index.php?rest_route=%2Fwp%2Fv2%2Fcomments&post=5704"}],"version-history":[{"count":0,"href":"https:\/\/archives.regards.fr\/index.php?rest_route=\/wp\/v2\/posts\/5704\/revisions"}],"wp:featuredmedia":[{"embeddable":true,"href":"https:\/\/archives.regards.fr\/index.php?rest_route=\/wp\/v2\/media\/16952"}],"wp:attachment":[{"href":"https:\/\/archives.regards.fr\/index.php?rest_route=%2Fwp%2Fv2%2Fmedia&parent=5704"}],"wp:term":[{"taxonomy":"category","embeddable":true,"href":"https:\/\/archives.regards.fr\/index.php?rest_route=%2Fwp%2Fv2%2Fcategories&post=5704"},{"taxonomy":"post_tag","embeddable":true,"href":"https:\/\/archives.regards.fr\/index.php?rest_route=%2Fwp%2Fv2%2Ftags&post=5704"}],"curies":[{"name":"wp","href":"https:\/\/api.w.org\/{rel}","templated":true}]}}