{"id":5701,"date":"2012-10-19T12:53:02","date_gmt":"2012-10-19T10:53:02","guid":{"rendered":"https:\/\/wp.muchomaas.com\/le-mythe-de-l-islamisation-un5701\/"},"modified":"2012-10-19T12:53:02","modified_gmt":"2012-10-19T10:53:02","slug":"le-mythe-de-l-islamisation-un5701","status":"publish","type":"post","link":"https:\/\/archives.regards.fr\/?p=5701","title":{"rendered":"Le mythe de l&#8217;islamisation, un essai de Rapha\u00ebl Liogier"},"content":{"rendered":"<p>Le d\u00e9bat sur l&#8217;Islam aura fait coul\u00e9 beaucoup d&#8217;encre. Professeur \u00e0 l&#8217;Institut d&#8217;\u00e9tudes politiques d&#8217;Aix-en-Provence, o\u00f9 il dirige l&#8217;Observatoire du religieux, Rapha\u00ebl Liogier livre un essai vif et argument\u00e9 r\u00e9futant l&#8217;hypoth\u00e8se d&#8217;une islamisation de la soci\u00e9t\u00e9 fran\u00e7aise. Un mythe s&#8217;est impos\u00e9 : l&#8217;Europe et la France seraient menac\u00e9es par l&#8217;arriv\u00e9e massive de musulmans, v\u00e9ritables ennemis venus impos\u00e9s de fa\u00e7on unifi\u00e9e une colonisation de l&#8217;int\u00e9rieur. &#8220;Le principal probl\u00e8me tiendrait au fait que ce sont eux qui refusent de se m\u00e9langer \u00e0 nous&#8221;, explique l&#8217;auteur. Il d\u00e9monte, chiffres l&#8217;appui, l&#8217;argument d&#8217;une bombe d\u00e9mographique et tord le cou \u00e0 l&#8217;hypoth\u00e8se du complot. &#8220;Cette vision obs\u00e9dante de &#8220;trop de&#8221; musulmans, l&#8217;impression que leur nombre s&#8217;accroit dangereusement va bien au-del\u00e0 des sympathisants de l&#8217;extr\u00eame droite, et transcende m\u00eame les clivages gauche-droite&#8221;, affirme Raphael Liogier. Or, \u00e9crit-il, &#8220;l&#8217;atmosph\u00e8re parano\u00efaque et discriminatoire \u00e0 l&#8217;encontre des musulmans europ\u00e9ens est au service des int\u00e9r\u00eats islamistes&#8221;. En effet, &#8220;les d\u00e9bats vexatoires, les discriminations g\u00e9n\u00e9ralis\u00e9es, les lois sp\u00e9cialement concot\u00e9es contre les musulmans sont comme des perfusions dans le corps agonisant de l&#8217;islamisme&#8221;. Reste \u00e0 comprendre pourquoi les Europ\u00e9ens ont tant besoin de &#8220;l&#8217;ennemi musulman&#8221;&#8230; Raphael Liogier d\u00e9veloppe cette hypoth\u00e8se : &#8220;Les musulmans ne sont plus simplement les boucs \u00e9missaires des crises \u00e9conomiques et sociales nationales, mais d&#8217;une crise d&#8217;identit\u00e9 europ\u00e9enne&#8221;. Cet essai porte un parti pris radical, comme une dissonnance, mais elle est \u00e9tay\u00e9e et non simplement passionn\u00e9e. Passionnant.<\/p>\n<p>Rapha\u00ebl Liogier, Le mythe de l&#8217;islamisation. Essai sur une obsession collective, Seuil, 2012, 201 pages, 16 euros. <\/p>\n","protected":false},"excerpt":{"rendered":"<p>Le d\u00e9bat sur l&#8217;Islam aura fait coul\u00e9 beaucoup d&#8217;encre. Professeur \u00e0 l&#8217;Institut d&#8217;\u00e9tudes politiques d&#8217;Aix-en-Provence, o\u00f9 il dirige l&#8217;Observatoire du religieux, Rapha\u00ebl Liogier livre un essai vif et argument\u00e9 r\u00e9futant l&#8217;hypoth\u00e8se d&#8217;une islamisation de la soci\u00e9t\u00e9 fran\u00e7aise. Un mythe s&#8217;est impos\u00e9 : l&#8217;Europe et la France seraient menac\u00e9es par l&#8217;arriv\u00e9e massive de musulmans, v\u00e9ritables ennemis [&hellip;]<\/p>\n","protected":false},"author":570,"featured_media":16949,"comment_status":"open","ping_status":"open","sticky":false,"template":"","format":"standard","meta":{"_themeisle_gutenberg_block_has_review":false,"footnotes":""},"categories":[111],"tags":[],"class_list":["post-5701","post","type-post","status-publish","format-standard","has-post-thumbnail","hentry","category-nos-selections"],"_links":{"self":[{"href":"https:\/\/archives.regards.fr\/index.php?rest_route=\/wp\/v2\/posts\/5701","targetHints":{"allow":["GET"]}}],"collection":[{"href":"https:\/\/archives.regards.fr\/index.php?rest_route=\/wp\/v2\/posts"}],"about":[{"href":"https:\/\/archives.regards.fr\/index.php?rest_route=\/wp\/v2\/types\/post"}],"author":[{"embeddable":true,"href":"https:\/\/archives.regards.fr\/index.php?rest_route=\/wp\/v2\/users\/570"}],"replies":[{"embeddable":true,"href":"https:\/\/archives.regards.fr\/index.php?rest_route=%2Fwp%2Fv2%2Fcomments&post=5701"}],"version-history":[{"count":0,"href":"https:\/\/archives.regards.fr\/index.php?rest_route=\/wp\/v2\/posts\/5701\/revisions"}],"wp:featuredmedia":[{"embeddable":true,"href":"https:\/\/archives.regards.fr\/index.php?rest_route=\/wp\/v2\/media\/16949"}],"wp:attachment":[{"href":"https:\/\/archives.regards.fr\/index.php?rest_route=%2Fwp%2Fv2%2Fmedia&parent=5701"}],"wp:term":[{"taxonomy":"category","embeddable":true,"href":"https:\/\/archives.regards.fr\/index.php?rest_route=%2Fwp%2Fv2%2Fcategories&post=5701"},{"taxonomy":"post_tag","embeddable":true,"href":"https:\/\/archives.regards.fr\/index.php?rest_route=%2Fwp%2Fv2%2Ftags&post=5701"}],"curies":[{"name":"wp","href":"https:\/\/api.w.org\/{rel}","templated":true}]}}