{"id":5700,"date":"2012-10-19T13:00:13","date_gmt":"2012-10-19T11:00:13","guid":{"rendered":"https:\/\/wp.muchomaas.com\/legalize-it5700\/"},"modified":"2023-06-23T23:12:27","modified_gmt":"2023-06-23T21:12:27","slug":"legalize-it5700","status":"publish","type":"post","link":"https:\/\/archives.regards.fr\/?p=5700","title":{"rendered":"Legalize it\u00a0?"},"content":{"rendered":"<p class=\"post_excerpt\">Faut-il l\u00e9galiser les drogues\u00a0? Si la question n&#8217;est pas nouvelle, elle continue de faire pol\u00e9mique. En s&#8217;exprimant sur la n\u00e9cessit\u00e9 de mener une r\u00e9flexion autour de la d\u00e9p\u00e9nalisation du cannabis, Vincent Peillon s&#8217;est attir\u00e9 les foudres de la classe politique dans son ensemble. Rappel\u00e9 \u00e0 l&#8217;ordre par le chef du gouvernement, fustig\u00e9 par la droite &#8211; qui  n&#8217;a pas manqu\u00e9 l&#8217;occasion de monter au cr\u00e9neau, jugeant sa proposition <em>\u00ab\u00a0irresponsable\u00a0\u00bb<\/em> et <em>\u00ab\u00a0l\u00e2che\u00a0\u00bb<\/em> &#8211; cette semaine, le ministre de l&#8217;\u00e9ducation chaussait petit dans ses souliers. Selon <em>Le Canard Encha\u00een\u00e9<\/em>, Jean-Marc Ayrault aurait m\u00eame d\u00e9clar\u00e9\u00a0: <em>\u00ab\u00a0La prochaine fois, ce sera la porte.\u00a0\u00bb<\/em> <\/p>\n<p>Sujet tabou. D\u00e9bat ajourn\u00e9. La gauche au pouvoir a une nouvelle fois rat\u00e9 l&#8217;opportunit\u00e9 d&#8217;inscrire la question de la l\u00e9galisation \u00e0 l&#8217;ordre du jour de l&#8217;agenda politique. Et l&#8217;on ne peut que regretter cette \u00e9tanch\u00e9it\u00e9 entre la sph\u00e8re politique et la soci\u00e9t\u00e9 civile o\u00f9 le sujet est mis en d\u00e9bat depuis de nombreuses ann\u00e9es. Il a m\u00eame pris de l&#8217;avance, puisqu&#8217;il pose la question de la l\u00e9galisation des drogues sans la restreindre au seul cannabis et la relie aux questions sanitaires, \u00e9conomiques, agricoles, s\u00e9curitaires, aux rapports de classes\u2026 Bref, \u00e7a mouline, \u00e7a cogite, et bien s\u00fbr <em>Regards<\/em> contribue au d\u00e9bat depuis longtemps. Pour ce dossier du week-end nous vous proposons plusieurs articles sur ce sujet. <\/p>\n<p><strong>Dans nos archives et ailleurs&#8230;<\/strong><br \/>\n&#8211; <a href=\"https:\/\/wp.muchomaas.com\/societe\/drogues-les-alternatives-a-la,5699\">Un article tout frais de Marion Rousset sur le livre <em>Drogue sortir de l&#8217;impasse<\/em>, \u00e9d. La D\u00e9couverte, octobre 2012<\/a><br \/>\n&#8211; <a href=\"3212\">Un article de R\u00e9mi Douat sur la fabrique d&#8217;une d\u00e9viance (Regards, 2004)<\/a><br \/>\n&#8211; <a href=\"http:\/\/www.vacarme.org\/article2090.html\">Et un article de la revue <em>Vacarme<\/em> sur <em>\u00ab\u00a0Comment l\u00e9galiser les drogues\u00a0?\u00a0\u00bb<\/em> (automne 2011)<\/a><\/p>\n<div id='gallery-1' class='gallery galleryid-5700 gallery-columns-3 gallery-size-thumbnail'><figure class='gallery-item'>\n\t\t\t<div class='gallery-icon landscape'>\n\t\t\t\t<a href='https:\/\/archives.regards.fr\/wp-content\/uploads\/2012\/10\/drugs-2-88f.jpg'><img loading=\"lazy\" decoding=\"async\" width=\"150\" height=\"150\" src=\"https:\/\/archives.regards.fr\/wp-content\/uploads\/2012\/10\/drugs-2-88f-150x150.jpg\" class=\"attachment-thumbnail size-thumbnail\" alt=\"drugs-2.jpg\" \/><\/a>\n\t\t\t<\/div><\/figure>\n\t\t<\/div>\n\n","protected":false},"excerpt":{"rendered":"<p>Faut-il l\u00e9galiser les drogues\u00a0? Si la question n&#8217;est pas nouvelle, elle continue de faire pol\u00e9mique. En s&#8217;exprimant sur la n\u00e9cessit\u00e9 de mener une r\u00e9flexion autour de la d\u00e9p\u00e9nalisation du cannabis, Vincent Peillon s&#8217;est attir\u00e9 les foudres de la classe politique dans son ensemble. Rappel\u00e9 \u00e0 l&#8217;ordre par le chef du gouvernement, fustig\u00e9 par la droite &#8211; qui  n&#8217;a pas manqu\u00e9 l&#8217;occasion de monter au cr\u00e9neau, jugeant sa proposition <em>\u00ab\u00a0irresponsable\u00a0\u00bb<\/em> et <em>\u00ab\u00a0l\u00e2che\u00a0\u00bb<\/em> &#8211; cette semaine, le ministre de l&#8217;\u00e9ducation chaussait petit dans ses souliers. Selon <em>Le Canard Encha\u00een\u00e9<\/em>, Jean-Marc Ayrault aurait m\u00eame d\u00e9clar\u00e9\u00a0: <em>\u00ab\u00a0La prochaine fois, ce sera la porte.\u00a0\u00bb<\/em> <\/p>\n<p>Sujet tabou. D\u00e9bat ajourn\u00e9. La gauche au pouvoir a une nouvelle fois rat\u00e9 l&#8217;opportunit\u00e9 d&#8217;inscrire la question de la l\u00e9galisation \u00e0 l&#8217;ordre du jour de l&#8217;agenda politique. Et l&#8217;on ne peut que regretter cette \u00e9tanch\u00e9it\u00e9 entre la sph\u00e8re politique et la soci\u00e9t\u00e9 civile o\u00f9 le sujet est mis en d\u00e9bat depuis de nombreuses ann\u00e9es. Il a m\u00eame pris de l&#8217;avance, puisqu&#8217;il pose la question de la l\u00e9galisation des drogues sans la restreindre au seul cannabis et la relie aux questions sanitaires, \u00e9conomiques, agricoles, s\u00e9curitaires, aux rapports de classes\u2026 Bref, \u00e7a mouline, \u00e7a cogite, et bien s\u00fbr <em>Regards<\/em> contribue au d\u00e9bat depuis longtemps. Pour ce dossier du week-end nous vous proposons plusieurs articles sur ce sujet. <\/p>\n","protected":false},"author":643,"featured_media":16947,"comment_status":"open","ping_status":"open","sticky":false,"template":"","format":"standard","meta":{"_themeisle_gutenberg_block_has_review":false,"footnotes":""},"categories":[141],"tags":[],"class_list":["post-5700","post","type-post","status-publish","format-standard","has-post-thumbnail","hentry","category-archives-web"],"_links":{"self":[{"href":"https:\/\/archives.regards.fr\/index.php?rest_route=\/wp\/v2\/posts\/5700","targetHints":{"allow":["GET"]}}],"collection":[{"href":"https:\/\/archives.regards.fr\/index.php?rest_route=\/wp\/v2\/posts"}],"about":[{"href":"https:\/\/archives.regards.fr\/index.php?rest_route=\/wp\/v2\/types\/post"}],"author":[{"embeddable":true,"href":"https:\/\/archives.regards.fr\/index.php?rest_route=\/wp\/v2\/users\/643"}],"replies":[{"embeddable":true,"href":"https:\/\/archives.regards.fr\/index.php?rest_route=%2Fwp%2Fv2%2Fcomments&post=5700"}],"version-history":[{"count":0,"href":"https:\/\/archives.regards.fr\/index.php?rest_route=\/wp\/v2\/posts\/5700\/revisions"}],"wp:featuredmedia":[{"embeddable":true,"href":"https:\/\/archives.regards.fr\/index.php?rest_route=\/wp\/v2\/media\/16947"}],"wp:attachment":[{"href":"https:\/\/archives.regards.fr\/index.php?rest_route=%2Fwp%2Fv2%2Fmedia&parent=5700"}],"wp:term":[{"taxonomy":"category","embeddable":true,"href":"https:\/\/archives.regards.fr\/index.php?rest_route=%2Fwp%2Fv2%2Fcategories&post=5700"},{"taxonomy":"post_tag","embeddable":true,"href":"https:\/\/archives.regards.fr\/index.php?rest_route=%2Fwp%2Fv2%2Ftags&post=5700"}],"curies":[{"name":"wp","href":"https:\/\/api.w.org\/{rel}","templated":true}]}}