{"id":5684,"date":"2012-10-17T13:45:44","date_gmt":"2012-10-17T11:45:44","guid":{"rendered":"https:\/\/wp.muchomaas.com\/libe-mange-son-chapeau5684\/"},"modified":"2023-06-23T23:12:24","modified_gmt":"2023-06-23T21:12:24","slug":"libe-mange-son-chapeau5684","status":"publish","type":"post","link":"https:\/\/archives.regards.fr\/?p=5684","title":{"rendered":"Lib\u00e9 mange son chapeau"},"content":{"rendered":"<p>Ainsi va la presse. Presque un mois apr\u00e8s la Une choc de <em>Lib\u00e9ration<\/em> montrant une photo de Bernard Arnault une valise \u00e0 la main barr\u00e9e d&#8217;un audacieux \u00ab\u00a0Casse toi riche con\u00a0\u00bb, le quotidien semble faire amende honorable. Il titrait hier sur \u00ab\u00a0l&#8217;Art et l&#8217;ISF, la r\u00e9volte des mus\u00e9es\u00a0\u00bb, se faisant l&#8217;\u00e9cho des inqui\u00e9tudes des mus\u00e9es et collectionneurs \u00e0 propos de la taxation des \u0153uvres de plus de 50 000 euros qui risquerait de fragiliser la culture en France. L&#8217;audace \u00e9ditoriale ayant un prix (- 700 000 euros dans les caisses du journal, LVMH et quelques autres en geste de solidarit\u00e9 ayant d\u00e9cid\u00e9 de retirer leurs pubs), on est tent\u00e9 de lire entre les lignes, et d&#8217;y voir une sorte d&#8217;appel sur l&#8217;air de \u00ab\u00a0ne me quitte pas\u00a0\u00bb. La morale de l&#8217;histoire\u00a0? La presse, pour bouffer, a bien du mal \u00e0 se passer et des riches et des cons. <\/p>\n<p>Pour aller plus loin, relire  <a href=\"5580\">notre entretien<\/a>  avec Jean Stern, auteur des <em>Patrons de la presse nationale<\/em> (\u00e9d. La Fabrique, paru le 15 octobre).<div id='gallery-1' class='gallery galleryid-5684 gallery-columns-3 gallery-size-thumbnail'><figure class='gallery-item'>\n\t\t\t<div class='gallery-icon landscape'>\n\t\t\t\t<a href='https:\/\/archives.regards.fr\/wp-content\/uploads\/2012\/10\/libec-c21.jpg'><img loading=\"lazy\" decoding=\"async\" width=\"80\" height=\"55\" src=\"https:\/\/archives.regards.fr\/wp-content\/uploads\/2012\/10\/libec-c21.jpg\" class=\"attachment-thumbnail size-thumbnail\" alt=\"Lib\u00e9 mange son chapeau\" aria-describedby=\"gallery-1-16919\" \/><\/a>\n\t\t\t<\/div>\n\t\t\t\t<figcaption class='wp-caption-text gallery-caption' id='gallery-1-16919'>\n\t\t\t\tLib\u00e9 mange son chapeau\n\t\t\t\t<\/figcaption><\/figure>\n\t\t<\/div>\n<\/p>\n","protected":false},"excerpt":{"rendered":"<p>Ainsi va la presse. Presque un mois apr\u00e8s la Une choc de Lib\u00e9ration montrant une photo de Bernard Arnault une valise \u00e0 la main barr\u00e9e d&#8217;un audacieux \u00ab\u00a0Casse toi riche con\u00a0\u00bb, le quotidien semble faire amende honorable. Il titrait hier sur \u00ab\u00a0l&#8217;Art et l&#8217;ISF, la r\u00e9volte des mus\u00e9es\u00a0\u00bb, se faisant l&#8217;\u00e9cho des inqui\u00e9tudes des mus\u00e9es [&hellip;]<\/p>\n","protected":false},"author":643,"featured_media":16919,"comment_status":"open","ping_status":"open","sticky":false,"template":"","format":"standard","meta":{"_themeisle_gutenberg_block_has_review":false,"footnotes":""},"categories":[141],"tags":[287],"class_list":["post-5684","post","type-post","status-publish","format-standard","has-post-thumbnail","hentry","category-archives-web","tag-medias"],"_links":{"self":[{"href":"https:\/\/archives.regards.fr\/index.php?rest_route=\/wp\/v2\/posts\/5684","targetHints":{"allow":["GET"]}}],"collection":[{"href":"https:\/\/archives.regards.fr\/index.php?rest_route=\/wp\/v2\/posts"}],"about":[{"href":"https:\/\/archives.regards.fr\/index.php?rest_route=\/wp\/v2\/types\/post"}],"author":[{"embeddable":true,"href":"https:\/\/archives.regards.fr\/index.php?rest_route=\/wp\/v2\/users\/643"}],"replies":[{"embeddable":true,"href":"https:\/\/archives.regards.fr\/index.php?rest_route=%2Fwp%2Fv2%2Fcomments&post=5684"}],"version-history":[{"count":0,"href":"https:\/\/archives.regards.fr\/index.php?rest_route=\/wp\/v2\/posts\/5684\/revisions"}],"wp:featuredmedia":[{"embeddable":true,"href":"https:\/\/archives.regards.fr\/index.php?rest_route=\/wp\/v2\/media\/16919"}],"wp:attachment":[{"href":"https:\/\/archives.regards.fr\/index.php?rest_route=%2Fwp%2Fv2%2Fmedia&parent=5684"}],"wp:term":[{"taxonomy":"category","embeddable":true,"href":"https:\/\/archives.regards.fr\/index.php?rest_route=%2Fwp%2Fv2%2Fcategories&post=5684"},{"taxonomy":"post_tag","embeddable":true,"href":"https:\/\/archives.regards.fr\/index.php?rest_route=%2Fwp%2Fv2%2Ftags&post=5684"}],"curies":[{"name":"wp","href":"https:\/\/api.w.org\/{rel}","templated":true}]}}