{"id":5674,"date":"2012-10-15T09:50:49","date_gmt":"2012-10-15T07:50:49","guid":{"rendered":"https:\/\/wp.muchomaas.com\/eric-coquerel-et-l-avenir-du-front5674\/"},"modified":"2023-06-23T23:12:22","modified_gmt":"2023-06-23T21:12:22","slug":"eric-coquerel-et-l-avenir-du-front5674","status":"publish","type":"post","link":"https:\/\/archives.regards.fr\/?p=5674","title":{"rendered":"Eric Coquerel et l&#8217;avenir du Front de gauche"},"content":{"rendered":"<p class=\"post_excerpt\">Eric Coquerel, secr\u00e9taire national du Parti de gauche, r\u00e9agit \u00e0 la sortie de notre table ronde sur l&#8217;avenir du Front de gauche. <\/p>\n<p><iframe loading=\"lazy\" frameborder=\"0\" width=\"460\" height=\"259\" src=\"http:\/\/www.dailymotion.com\/embed\/video\/xu8f28\"><\/iframe><br clear=\"all\"><\/p>\n<p><strong>Table ronde<\/strong> \u00e0 lire dans notre e-mensuel d&#8217;octobre 2012 : <\/p>\n<p><object style=\"width:420px;height:298px\" ><param name=\"movie\" value=\"http:\/\/static.issuu.com\/webembed\/viewers\/style1\/v2\/IssuuReader.swf?mode=mini&#038;embedBackground=%23ffffff&#038;backgroundColor=%23222222&#038;documentId=121003163840-9f1e1e91020c4c56bd9288ceae6a2330\" \/><param name=\"allowfullscreen\" value=\"true\"\/><param name=\"menu\" value=\"false\"\/><param name=\"wmode\" value=\"transparent\"\/><embed src=\"http:\/\/static.issuu.com\/webembed\/viewers\/style1\/v2\/IssuuReader.swf\" type=\"application\/x-shockwave-flash\" allowfullscreen=\"true\" menu=\"false\" wmode=\"transparent\" style=\"width:420px;height:298px\" flashvars=\"mode=mini&#038;embedBackground=%23ffffff&#038;backgroundColor=%23222222&#038;documentId=121003163840-9f1e1e91020c4c56bd9288ceae6a2330\" \/><\/object><div id='gallery-1' class='gallery galleryid-5674 gallery-columns-3 gallery-size-thumbnail'><figure class='gallery-item'>\n\t\t\t<div class='gallery-icon landscape'>\n\t\t\t\t<a href='https:\/\/archives.regards.fr\/wp-content\/uploads\/2012\/10\/coquerelc-d38.jpg'><img loading=\"lazy\" decoding=\"async\" width=\"80\" height=\"55\" src=\"https:\/\/archives.regards.fr\/wp-content\/uploads\/2012\/10\/coquerelc-d38.jpg\" class=\"attachment-thumbnail size-thumbnail\" alt=\"Eric Coquerel et l&#039;avenir du Front de gauche\" aria-describedby=\"gallery-1-16892\" \/><\/a>\n\t\t\t<\/div>\n\t\t\t\t<figcaption class='wp-caption-text gallery-caption' id='gallery-1-16892'>\n\t\t\t\tEric Coquerel et l&#8217;avenir du Front de gauche\n\t\t\t\t<\/figcaption><\/figure>\n\t\t<\/div>\n<\/p>\n","protected":false},"excerpt":{"rendered":"<p>Eric Coquerel, secr\u00e9taire national du Parti de gauche, r\u00e9agit \u00e0 la sortie de notre table ronde sur l&#8217;avenir du Front de gauche. <\/p>\n","protected":false},"author":643,"featured_media":16892,"comment_status":"open","ping_status":"open","sticky":false,"template":"","format":"standard","meta":{"_themeisle_gutenberg_block_has_review":false,"footnotes":""},"categories":[141],"tags":[293],"class_list":["post-5674","post","type-post","status-publish","format-standard","has-post-thumbnail","hentry","category-archives-web","tag-entretien"],"_links":{"self":[{"href":"https:\/\/archives.regards.fr\/index.php?rest_route=\/wp\/v2\/posts\/5674","targetHints":{"allow":["GET"]}}],"collection":[{"href":"https:\/\/archives.regards.fr\/index.php?rest_route=\/wp\/v2\/posts"}],"about":[{"href":"https:\/\/archives.regards.fr\/index.php?rest_route=\/wp\/v2\/types\/post"}],"author":[{"embeddable":true,"href":"https:\/\/archives.regards.fr\/index.php?rest_route=\/wp\/v2\/users\/643"}],"replies":[{"embeddable":true,"href":"https:\/\/archives.regards.fr\/index.php?rest_route=%2Fwp%2Fv2%2Fcomments&post=5674"}],"version-history":[{"count":0,"href":"https:\/\/archives.regards.fr\/index.php?rest_route=\/wp\/v2\/posts\/5674\/revisions"}],"wp:featuredmedia":[{"embeddable":true,"href":"https:\/\/archives.regards.fr\/index.php?rest_route=\/wp\/v2\/media\/16892"}],"wp:attachment":[{"href":"https:\/\/archives.regards.fr\/index.php?rest_route=%2Fwp%2Fv2%2Fmedia&parent=5674"}],"wp:term":[{"taxonomy":"category","embeddable":true,"href":"https:\/\/archives.regards.fr\/index.php?rest_route=%2Fwp%2Fv2%2Fcategories&post=5674"},{"taxonomy":"post_tag","embeddable":true,"href":"https:\/\/archives.regards.fr\/index.php?rest_route=%2Fwp%2Fv2%2Ftags&post=5674"}],"curies":[{"name":"wp","href":"https:\/\/api.w.org\/{rel}","templated":true}]}}