{"id":5670,"date":"2012-10-12T16:36:09","date_gmt":"2012-10-12T14:36:09","guid":{"rendered":"https:\/\/wp.muchomaas.com\/la-francophonie-doit-faire5670\/"},"modified":"2023-06-23T23:12:21","modified_gmt":"2023-06-23T21:12:21","slug":"la-francophonie-doit-faire5670","status":"publish","type":"post","link":"https:\/\/archives.regards.fr\/?p=5670","title":{"rendered":"\u00abLa Francophonie doit faire pression sur le gouvernement congolais\u00bb"},"content":{"rendered":"<p class=\"post_excerpt\">Le XIVe sommet de l&#8217;Organisation internationale de la Francophonie (OIF) se tient jusqu&#8217;au 14 octobre \u00e0 Kinshasa. Dans un pays, la R\u00e9publique d\u00e9mocratique du Congo (RDC), o\u00f9 les violences et atteintes aux droits de la personne restent nombreuses. Trois questions \u00e0 Achraf Sebbahi, charg\u00e9e de campagne pour la RDC \u00e0 Amnesty International.<\/p>\n<p><strong>Regards.fr: <em>Vous demandez aux participants au sommet de la Francophonie qui s&#8217;ouvre aujourd&#8217;hui \u00e0 Kinshasa, de mettre<\/em> \u00ables droits humains (&#8230;) au c\u0153ur des d\u00e9bats\u00bb. <em>Pourquoi interpellez-vous cette organisation-l\u00e0 sur ce terrain-l\u00e0 ?<\/em> <\/strong><\/p>\n<p><strong>Achraf Sebbahi:<\/strong> Parce que la Francophonie promeut dans sa charte les valeurs de d\u00e9mocratie et de Droits humains et que donc, au regard de la situation actuelle du pays, le choix de Kinshasa pour se r\u00e9unir peut para\u00eetre un peu surprenant&#8230; La situation s\u00e9curitaire, qui pr\u00e9vaut dans l&#8217;Est notamment, est catastrophique pour la population civile. On assiste \u00e0 des violation r\u00e9p\u00e9t\u00e9es des Droits de la personne et \u00e0 une augmentation des violences commises par les groupes arm\u00e9s &#8211; ex\u00e9cutions sommaires, enr\u00f4lement forc\u00e9s y compris d&#8217;enfants, viols&#8230; Des populations sont massivement d\u00e9plac\u00e9es dans le Nord-Kivu; la libert\u00e9 d&#8217;expression est entrav\u00e9e de fa\u00e7on r\u00e9p\u00e9t\u00e9e; et les violences ethniques connaissent une recrudescence inqui\u00e9tante.<br \/>\nOn estime que l&#8217;OIF a une responsabilit\u00e9 puisque plusieurs m\u00e9canismes lui permettent de rappeler \u00e0 l&#8217;ordre ses Etats membres. En 1991, d&#8217;ailleurs, le Za\u00efre de Mobutu avait \u00e9t\u00e9 sanctionn\u00e9 par l&#8217;OIF suite \u00e0 une sanglante r\u00e9pression d&#8217;\u00e9meutes \u00e9tudiantes. On ne demande pas \u00e0 l&#8217;OIF d&#8217;exclure la RDC  mais au moins qu&#8217;elle sorte de son silence et fasse pression sur le gouvernement congolais. <\/p>\n<p><strong>Regards.fr: <em>Le gouvernement congolais est l&#8217;unique responsable de la situation dans l&#8217;Est du pays ?<\/em> <\/strong><\/p>\n<p><strong>Achraf Sebbahi:<\/strong> Non mais \u00e9tant donn\u00e9 que cela se passe sur son sol national, il a bien entendu la responsabilit\u00e9 de prot\u00e9ger les populations civiles. Apr\u00e8s, on sait que le Rwanda, qui est \u00e9galement membre de la Francophonie, est aussi impliqu\u00e9 dans la situation actuelle puisqu&#8217;il apporte son soutien \u00e0 l&#8217;un des principaux groupe arm\u00e9 op\u00e9rant dans la r\u00e9gion, le M23 [[le M23 est un groupe politico-militaire pro-tutsi dont le nom fait r\u00e9f\u00e9rence au 23 Mars 2009, date \u00e0 laquelle le gouvernement de la RDC avait sign\u00e9 un accord avec un autre mouvement &#8211; le CNDP de Laurent Nkunda, arr\u00eat\u00e9 depuis. Les militants du M23 d\u00e9noncent la mauvaise application de ces accords qui pr\u00e9voyaient, entre autre, l&#8217;int\u00e9gration des ex-rebelles du CNDP dans l&#8217;arm\u00e9e nationale.]]; enfin, la communaut\u00e9 internationale aussi doit \u00eatre mise face \u00e0 ses responsabilit\u00e9s et en premier lieu l&#8217;Onu qui y dispose d&#8217;une importante force, la <a href=\"http:\/\/monusco.unmissions.org\/Default.aspx?tabid=11192&#038;language=fr-FR\">Monusco<\/a>. Clairement aujourd&#8217;hui, les objectifs de cette mission ne sont pas atteint (malgr\u00e9 le d\u00e9ploiement sur le terrain de 19 083 &#8220;membres du personnel en uniforme&#8221;, ndlr) et on constate dans le dispositif des faiblesses importantes en terme de protection des civils.<\/p>\n<p><strong>Regards.fr: <em>Qu&#8217;attendez vous en mati\u00e8re de justice internationale concernant la RDC?<\/em> <\/strong><\/p>\n<p><strong>Achraf Sebbahi:<\/strong> La RDC doit respecter ses engagements. Deux personnes dans ce pays font l&#8217;objet d&#8217;un mandat d&#8217;arr\u00eat \u00e9mis par la Cour p\u00e9nale internationale (CPI) pour crimes de guerre, Bosco Ntaganda et Sylvestre Mudacumura. Mais ils n&#8217;ont toujours pas \u00e9t\u00e9 arr\u00eat\u00e9. Il est urgent que le gouvernement congolais adopte une loi qui lui permette de transposer <a href=\"http:\/\/untreaty.un.org\/cod\/icc\/statute\/french\/rome_statute%28f%29.pdf\">le statut de Rome<\/a> [[le Statut de Rome d\u00e9finit les r\u00e8gles de fonctionnement \u00e9l\u00e9mentaire de la CPI  dont la comp\u00e9tence porte sur le crime de g\u00e9nocide, les crimes contre l\u2019humanit\u00e9, les crimes de guerre et le crime d\u2019agression]], dont la RDC est signataire, dans sa l\u00e9gislation. Pour l&#8217;instant ce n&#8217;est pas compatible et cela cr\u00e9e des situations \u00e9tranges. Par exemple, seules des juridictions militaires sont en capacit\u00e9 de poursuivre des personnes ayant commis des crimes de guerre ou des crimes contre l&#8217;humanit\u00e9. La RDC doit en finir avec ce type de situations.<\/p>\n<div id='gallery-1' class='gallery galleryid-5670 gallery-columns-3 gallery-size-thumbnail'><figure class='gallery-item'>\n\t\t\t<div class='gallery-icon landscape'>\n\t\t\t\t<a href='https:\/\/archives.regards.fr\/wp-content\/uploads\/2012\/10\/congo-945.jpg'><img loading=\"lazy\" decoding=\"async\" width=\"150\" height=\"150\" src=\"https:\/\/archives.regards.fr\/wp-content\/uploads\/2012\/10\/congo-945-150x150.jpg\" class=\"attachment-thumbnail size-thumbnail\" alt=\"congo.jpg\" \/><\/a>\n\t\t\t<\/div><\/figure>\n\t\t<\/div>\n\n","protected":false},"excerpt":{"rendered":"<p>Le XIVe sommet de l&#8217;Organisation internationale de la Francophonie (OIF) se tient jusqu&#8217;au 14 octobre \u00e0 Kinshasa. Dans un pays, la R\u00e9publique d\u00e9mocratique du Congo (RDC), o\u00f9 les violences et atteintes aux droits de la personne restent nombreuses. Trois questions \u00e0 Achraf Sebbahi, charg\u00e9e de campagne pour la RDC \u00e0 Amnesty International.<\/p>\n","protected":false},"author":558,"featured_media":16878,"comment_status":"open","ping_status":"open","sticky":false,"template":"","format":"standard","meta":{"_themeisle_gutenberg_block_has_review":false,"footnotes":""},"categories":[141],"tags":[293],"class_list":["post-5670","post","type-post","status-publish","format-standard","has-post-thumbnail","hentry","category-archives-web","tag-entretien"],"_links":{"self":[{"href":"https:\/\/archives.regards.fr\/index.php?rest_route=\/wp\/v2\/posts\/5670","targetHints":{"allow":["GET"]}}],"collection":[{"href":"https:\/\/archives.regards.fr\/index.php?rest_route=\/wp\/v2\/posts"}],"about":[{"href":"https:\/\/archives.regards.fr\/index.php?rest_route=\/wp\/v2\/types\/post"}],"author":[{"embeddable":true,"href":"https:\/\/archives.regards.fr\/index.php?rest_route=\/wp\/v2\/users\/558"}],"replies":[{"embeddable":true,"href":"https:\/\/archives.regards.fr\/index.php?rest_route=%2Fwp%2Fv2%2Fcomments&post=5670"}],"version-history":[{"count":0,"href":"https:\/\/archives.regards.fr\/index.php?rest_route=\/wp\/v2\/posts\/5670\/revisions"}],"wp:featuredmedia":[{"embeddable":true,"href":"https:\/\/archives.regards.fr\/index.php?rest_route=\/wp\/v2\/media\/16878"}],"wp:attachment":[{"href":"https:\/\/archives.regards.fr\/index.php?rest_route=%2Fwp%2Fv2%2Fmedia&parent=5670"}],"wp:term":[{"taxonomy":"category","embeddable":true,"href":"https:\/\/archives.regards.fr\/index.php?rest_route=%2Fwp%2Fv2%2Fcategories&post=5670"},{"taxonomy":"post_tag","embeddable":true,"href":"https:\/\/archives.regards.fr\/index.php?rest_route=%2Fwp%2Fv2%2Ftags&post=5670"}],"curies":[{"name":"wp","href":"https:\/\/api.w.org\/{rel}","templated":true}]}}