{"id":5668,"date":"2012-10-12T15:59:08","date_gmt":"2012-10-12T13:59:08","guid":{"rendered":"https:\/\/wp.muchomaas.com\/annette-messager-a-strasbourg5668\/"},"modified":"2012-10-12T15:59:08","modified_gmt":"2012-10-12T13:59:08","slug":"annette-messager-a-strasbourg5668","status":"publish","type":"post","link":"https:\/\/archives.regards.fr\/?p=5668","title":{"rendered":"Annette Messager \u00e0 Strasbourg"},"content":{"rendered":"<p>Conte philosophique ou fable po\u00e9tique, l\u2019exposition \u00ab Continents noirs \u00bb d\u2019Annette Messager commence ce samedi au Mus\u00e9e d\u2019Art moderne et contemporain de Strasbourg. Les \u0153uvres pr\u00e9sent\u00e9es racontent un monde p\u00e9trifi\u00e9, carbonis\u00e9, un univers urbain cataclysmique. Une vision, entre noirceur et d\u00e9rision, des d\u00e9r\u00e9gulations contemporaines et des pathologie humaines. <\/p>\n","protected":false},"excerpt":{"rendered":"<p>Conte philosophique ou fable po\u00e9tique, l\u2019exposition \u00ab Continents noirs \u00bb d\u2019Annette Messager commence ce samedi au Mus\u00e9e d\u2019Art moderne et contemporain de Strasbourg. Les \u0153uvres pr\u00e9sent\u00e9es racontent un monde p\u00e9trifi\u00e9, carbonis\u00e9, un univers urbain cataclysmique. Une vision, entre noirceur et d\u00e9rision, des d\u00e9r\u00e9gulations contemporaines et des pathologie humaines.<\/p>\n","protected":false},"author":573,"featured_media":16876,"comment_status":"open","ping_status":"open","sticky":false,"template":"","format":"standard","meta":{"_themeisle_gutenberg_block_has_review":false,"footnotes":""},"categories":[111],"tags":[],"class_list":["post-5668","post","type-post","status-publish","format-standard","has-post-thumbnail","hentry","category-nos-selections"],"_links":{"self":[{"href":"https:\/\/archives.regards.fr\/index.php?rest_route=\/wp\/v2\/posts\/5668","targetHints":{"allow":["GET"]}}],"collection":[{"href":"https:\/\/archives.regards.fr\/index.php?rest_route=\/wp\/v2\/posts"}],"about":[{"href":"https:\/\/archives.regards.fr\/index.php?rest_route=\/wp\/v2\/types\/post"}],"author":[{"embeddable":true,"href":"https:\/\/archives.regards.fr\/index.php?rest_route=\/wp\/v2\/users\/573"}],"replies":[{"embeddable":true,"href":"https:\/\/archives.regards.fr\/index.php?rest_route=%2Fwp%2Fv2%2Fcomments&post=5668"}],"version-history":[{"count":0,"href":"https:\/\/archives.regards.fr\/index.php?rest_route=\/wp\/v2\/posts\/5668\/revisions"}],"wp:featuredmedia":[{"embeddable":true,"href":"https:\/\/archives.regards.fr\/index.php?rest_route=\/wp\/v2\/media\/16876"}],"wp:attachment":[{"href":"https:\/\/archives.regards.fr\/index.php?rest_route=%2Fwp%2Fv2%2Fmedia&parent=5668"}],"wp:term":[{"taxonomy":"category","embeddable":true,"href":"https:\/\/archives.regards.fr\/index.php?rest_route=%2Fwp%2Fv2%2Fcategories&post=5668"},{"taxonomy":"post_tag","embeddable":true,"href":"https:\/\/archives.regards.fr\/index.php?rest_route=%2Fwp%2Fv2%2Ftags&post=5668"}],"curies":[{"name":"wp","href":"https:\/\/api.w.org\/{rel}","templated":true}]}}