{"id":5667,"date":"2012-10-12T15:55:16","date_gmt":"2012-10-12T13:55:16","guid":{"rendered":"https:\/\/wp.muchomaas.com\/l-exil-des-algeriens5667\/"},"modified":"2012-10-12T15:55:16","modified_gmt":"2012-10-12T13:55:16","slug":"l-exil-des-algeriens5667","status":"publish","type":"post","link":"https:\/\/archives.regards.fr\/?p=5667","title":{"rendered":"L&#8217;exil des Alg\u00e9riens"},"content":{"rendered":"<p>Une exposition con\u00e7ue par Benjamin Stora et Linda Amiri retrace le quotidien des travailleurs alg\u00e9riens et de leurs familles qui vivent en m\u00e9tropole, durant la s\u00e9quence d\u00e9cisive de la guerre d\u2019Alg\u00e9rie. Elle s\u2019int\u00e9resse \u00e0 la fois \u00e0 leur vie sociale (travail, \u00e9cole, loisirs\u2026), au regard port\u00e9 sur eux, \u00e0 leur engagement politique et syndical. <em>\u00ab Archives, photographies, son, images et oeuvres d\u2019art s\u2019unissent pour mettre en lumi\u00e8re une histoire o\u00f9 la beaut\u00e9 se m\u00eale \u00e0 la pr\u00e9carit\u00e9, la joie \u00e0 la nostalgie et \u00e0 la violence \u00bb<\/em>, expliquent les deux commissaires de l\u2019expo. Une mani\u00e8re pour la Cit\u00e9 nationale de l\u2019histoire de l\u2019immigration de f\u00eater, en cette ann\u00e9e 2012, le 50\u00e8me anniversaire de l\u2019ind\u00e9pendance de l\u2019Alg\u00e9rie. <\/p>\n<p>\u00c0 lire notre article sur le livre <a href=\"https:\/\/wp.muchomaas.com\/nos-selections\/algeriens-en-france,5734\"><em>Alg\u00e9riens en France<\/em><\/a> de Benjamin Stora publi\u00e9 \u00e0 l&#8217;occasion de cette exposition.<\/p>\n","protected":false},"excerpt":{"rendered":"<p>Une exposition con\u00e7ue par Benjamin Stora et Linda Amiri retrace le quotidien des travailleurs alg\u00e9riens et de leurs familles qui vivent en m\u00e9tropole, durant la s\u00e9quence d\u00e9cisive de la guerre d\u2019Alg\u00e9rie. Elle s\u2019int\u00e9resse \u00e0 la fois \u00e0 leur vie sociale (travail, \u00e9cole, loisirs\u2026), au regard port\u00e9 sur eux, \u00e0 leur engagement politique et syndical. \u00ab [&hellip;]<\/p>\n","protected":false},"author":573,"featured_media":16875,"comment_status":"open","ping_status":"open","sticky":false,"template":"","format":"standard","meta":{"_themeisle_gutenberg_block_has_review":false,"footnotes":""},"categories":[111],"tags":[393],"class_list":["post-5667","post","type-post","status-publish","format-standard","has-post-thumbnail","hentry","category-nos-selections","tag-expo"],"_links":{"self":[{"href":"https:\/\/archives.regards.fr\/index.php?rest_route=\/wp\/v2\/posts\/5667","targetHints":{"allow":["GET"]}}],"collection":[{"href":"https:\/\/archives.regards.fr\/index.php?rest_route=\/wp\/v2\/posts"}],"about":[{"href":"https:\/\/archives.regards.fr\/index.php?rest_route=\/wp\/v2\/types\/post"}],"author":[{"embeddable":true,"href":"https:\/\/archives.regards.fr\/index.php?rest_route=\/wp\/v2\/users\/573"}],"replies":[{"embeddable":true,"href":"https:\/\/archives.regards.fr\/index.php?rest_route=%2Fwp%2Fv2%2Fcomments&post=5667"}],"version-history":[{"count":0,"href":"https:\/\/archives.regards.fr\/index.php?rest_route=\/wp\/v2\/posts\/5667\/revisions"}],"wp:featuredmedia":[{"embeddable":true,"href":"https:\/\/archives.regards.fr\/index.php?rest_route=\/wp\/v2\/media\/16875"}],"wp:attachment":[{"href":"https:\/\/archives.regards.fr\/index.php?rest_route=%2Fwp%2Fv2%2Fmedia&parent=5667"}],"wp:term":[{"taxonomy":"category","embeddable":true,"href":"https:\/\/archives.regards.fr\/index.php?rest_route=%2Fwp%2Fv2%2Fcategories&post=5667"},{"taxonomy":"post_tag","embeddable":true,"href":"https:\/\/archives.regards.fr\/index.php?rest_route=%2Fwp%2Fv2%2Ftags&post=5667"}],"curies":[{"name":"wp","href":"https:\/\/api.w.org\/{rel}","templated":true}]}}