{"id":5665,"date":"2012-10-12T09:02:12","date_gmt":"2012-10-12T07:02:12","guid":{"rendered":"https:\/\/wp.muchomaas.com\/mais-qui-sont-les-pigeons5665\/"},"modified":"2023-06-23T23:12:21","modified_gmt":"2023-06-23T21:12:21","slug":"mais-qui-sont-les-pigeons5665","status":"publish","type":"post","link":"https:\/\/archives.regards.fr\/?p=5665","title":{"rendered":"Mais qui sont les pigeons\u00a0?"},"content":{"rendered":"<p class=\"post_excerpt\">Il a suffi d&#8217;une mobilisation m\u00e9diatique d&#8217;entrepreneurs sur les r\u00e9seaux sociaux se qualifiant eux-m\u00eames de \u00ab\u00a0pigeons\u00a0\u00bb, pour que le gouvernement, en une semaine, recule sur l&#8217;imposition des plus-values au r\u00e9gime progressif. <\/p>\n<p>Fran\u00e7ois Hollande avait annonc\u00e9 qu&#8217;il allait aligner la fiscalit\u00e9 du capital sur celle du travail\u00a0: il a failli le faire\u00a0! Les pigeons ont eu raison de lui. Les pigeons\u00a0? Quelques individus se d\u00e9fissant comme \u00ab\u00a0Mouvement de d\u00e9fense des entrepreneurs fran\u00e7ais\u00a0\u00bb qui ont mont\u00e9 fin septembre un <a href=\"http:\/\/defensepigeons.org\">site web<\/a> et ont recueilli 60 000 approbations Facebook en l&#8217;espace d&#8217;une semaine. De quoi s&#8217;agit-il\u00a0?<\/p>\n<p>Jusqu&#8217;\u00e0 pr\u00e9sent, les plus-values sur actions (diff\u00e9rences entre l&#8217;achat et la vente) \u00e9taient tax\u00e9es \u00e0 un r\u00e9gime de faveur de 19% plut\u00f4t qu&#8217;au bar\u00e8me progressif dont le taux marginal le plus \u00e9lev\u00e9 \u00e9tait de 41%. Une nouvelle tranche de 45% a \u00e9t\u00e9 cr\u00e9\u00e9e cette ann\u00e9e. Rajoutez \u00e0 celle-ci les pr\u00e9l\u00e8vements sociaux (CSG, CRDS&#8230;) de plus de 15% et une taxation de 60% est rendue possible \u00e0 partir d&#8217;un seuil annuel n\u00e9anmoins consistant (150 000 \u20ac par membre du foyer). Comme les taxations de plus-values r\u00e9alis\u00e9es sur des portefeuilles boursiers ne faisaient pas vibrer grand monde, voil\u00e0 qu&#8217;il \u00e9tait n\u00e9cessaire de l\u00e2cher des pigeons. <\/p>\n<p>Qui sont-ils\u00a0? Des entrepreneurs qui ont mont\u00e9 ou repris une soci\u00e9t\u00e9 et qui comptent bien la vendre un jour. L&#8217;argument massue\u00a0: nous avons travaill\u00e9 de nombreuses ann\u00e9es pour r\u00e9aliser cette entreprise, nous n&#8217;avons pas m\u00e9nag\u00e9 nos efforts, nous avons pris des risques et voil\u00e0 que vous allez soumettre \u00e0 l&#8217;imp\u00f4t au bar\u00e8me progressif d&#8217;une ann\u00e9e le travail de plusieurs ann\u00e9es\u00a0! Nous voulons \u00eatre tax\u00e9s comme tout le monde. Discours acceptable a priori, tellement acceptable que le gouvernement a d\u00fb reculer tr\u00e8s vite avec quatre am\u00e9nagements [[Pr\u00e9l\u00e8vement forfaitaire maintenu en cas de d\u00e9tention de plus de 10% du capital depuis plus de 5 ans, abattement progressif pouvant aller jusqu&#8217;\u00e0 40% au bout de 6 ans de d\u00e9tention, exon\u00e9ration en cas de r\u00e9investissement dans une nouvelle entreprise, r\u00e9gime transitoire pour 2012.]], aussit\u00f4t catalogu\u00e9s de <em>\u00ab\u00a0v\u00e9ritable usine \u00e0 gaz\u00a0\u00bb<\/em> par Olivier Duha, pr\u00e9sident de Croissance plus [[Organisation patronale d&#8217;entreprises dites \u00ab\u00a0de croissance\u00a0\u00bb]]. Le tout accompagn\u00e9 d&#8217;un discours digne du caf\u00e9 du commerce sur la contribution essentielle des cr\u00e9ateurs d&#8217;entreprises \u00e0 l&#8217;\u00e9conomie\u00a0: on le sait, sans eux, point de salut\u00a0! Au final, en filigrane, l&#8217;appel au retour au pr\u00e9l\u00e8vement forfaitaire.<\/p>\n<p>Mais d&#8217;abord, o\u00f9 sont les vrais pigeons\u00a0? Ceux qui sont tax\u00e9s lorsqu&#8217;ils vendent leur entreprise\u00a0? Mais qu&#8217;est-ce qui fait la valeur d&#8217;une entreprise\u00a0? Les perspectives futures de dividendes. Autrement dit, ce qui est distribu\u00e9 aux actionnaires et non aux salari\u00e9s, qui sont ceux qui cr\u00e9ent effectivement la richesse. Ne serait-ce pas plut\u00f4t les salari\u00e9s les pigeons\u00a0?<\/p>\n<p>Voil\u00e0 le propre de l&#8217;id\u00e9ologie lib\u00e9rale dominante\u00a0: renverser une situation pour la faire passer comme normale. Quid de l&#8217;effort des salari\u00e9s\u00a0? Quid de l&#8217;initiative collective\u00a0? Comment passer sous silence le fait que 10% du PIB de notre pays est r\u00e9alis\u00e9 par l&#8217;\u00e9conomie sociale et solidaire dont la valorisation du capital n&#8217;est pas \u00e0 l&#8217;origine de l&#8217;initiative \u00e9conomique\u00a0? Comment ne pas se rappeler que lorsque des salari\u00e9s se mettent en SCOP, leurs parts sociales ne sont pas revaloris\u00e9es mais servent \u00e0 la p\u00e9rennit\u00e9 de l&#8217;entreprise\u00a0? Oui, les entrepreneurs prennent des risques, notamment lorsqu&#8217;ils se mettent cautions solidaires des pr\u00eats que la banque accorde \u00e0 l&#8217;entreprise. Oui certains d&#8217;entre eux sont endett\u00e9s \u00e0 vie en cas de faillite de l&#8217;entreprise \u00e0 cause d&#8217;un syst\u00e8me bancaire qui ne veut plus prendre des risques. Mais la solution ne consiste pas \u00e0 prendre acte de ce syst\u00e8me mais d&#8217;avancer vers un syst\u00e8me bancaire socialis\u00e9 qui financerait de fa\u00e7on collective les risques pris par des entreprises qui seraient elles-m\u00eame propri\u00e9t\u00e9 collective. <\/p>\n<p>Mais cela suppose de donner \u00e0 l&#8217;\u00e9conomie sociale et solidaire d&#8217;autres ambitions que celle d&#8217;\u00eatre un troisi\u00e8me secteur cohabitant avec le priv\u00e9 et le public. Sans cette r\u00e9volution id\u00e9ologique qui consiste \u00e0 promouvoir les initiatives collectives, le gouvernement reculera toujours devant cette d\u00e9fense irrationnelle de l&#8217;entrepreneur, qualifi\u00e9 de cr\u00e9ateur de richesses. C&#8217;est une capitulation devant le discours dominant, un refus de la transformation sociale qui ne peut qu&#8217;aboutir \u00e0 de nouvelles d\u00e9faites. <\/p>\n<div id='gallery-1' class='gallery galleryid-5665 gallery-columns-3 gallery-size-thumbnail'><figure class='gallery-item'>\n\t\t\t<div class='gallery-icon landscape'>\n\t\t\t\t<a href='https:\/\/archives.regards.fr\/wp-content\/uploads\/2012\/10\/geonpi-d9a.jpg'><img loading=\"lazy\" decoding=\"async\" width=\"150\" height=\"150\" src=\"https:\/\/archives.regards.fr\/wp-content\/uploads\/2012\/10\/geonpi-d9a-150x150.jpg\" class=\"attachment-thumbnail size-thumbnail\" alt=\"geonpi.jpg\" \/><\/a>\n\t\t\t<\/div><\/figure><figure class='gallery-item'>\n\t\t\t<div class='gallery-icon landscape'>\n\t\t\t\t<a href='https:\/\/archives.regards.fr\/wp-content\/uploads\/2012\/10\/geonpib-6ff.jpg'><img loading=\"lazy\" decoding=\"async\" width=\"150\" height=\"150\" src=\"https:\/\/archives.regards.fr\/wp-content\/uploads\/2012\/10\/geonpib-6ff-150x150.jpg\" class=\"attachment-thumbnail size-thumbnail\" alt=\"Mais qui sont les pigeons\u00a0?\" aria-describedby=\"gallery-1-16871\" \/><\/a>\n\t\t\t<\/div>\n\t\t\t\t<figcaption class='wp-caption-text gallery-caption' id='gallery-1-16871'>\n\t\t\t\tMais qui sont les pigeons\u00a0?\n\t\t\t\t<\/figcaption><\/figure>\n\t\t<\/div>\n\n","protected":false},"excerpt":{"rendered":"<p>Il a suffi d&#8217;une mobilisation m\u00e9diatique d&#8217;entrepreneurs sur les r\u00e9seaux sociaux se qualifiant eux-m\u00eames de \u00ab\u00a0pigeons\u00a0\u00bb, pour que le gouvernement, en une semaine, recule sur l&#8217;imposition des plus-values au r\u00e9gime progressif. <\/p>\n","protected":false},"author":672,"featured_media":16870,"comment_status":"open","ping_status":"open","sticky":false,"template":"","format":"standard","meta":{"_themeisle_gutenberg_block_has_review":false,"footnotes":""},"categories":[141],"tags":[291],"class_list":["post-5665","post","type-post","status-publish","format-standard","has-post-thumbnail","hentry","category-archives-web","tag-analyse"],"_links":{"self":[{"href":"https:\/\/archives.regards.fr\/index.php?rest_route=\/wp\/v2\/posts\/5665","targetHints":{"allow":["GET"]}}],"collection":[{"href":"https:\/\/archives.regards.fr\/index.php?rest_route=\/wp\/v2\/posts"}],"about":[{"href":"https:\/\/archives.regards.fr\/index.php?rest_route=\/wp\/v2\/types\/post"}],"author":[{"embeddable":true,"href":"https:\/\/archives.regards.fr\/index.php?rest_route=\/wp\/v2\/users\/672"}],"replies":[{"embeddable":true,"href":"https:\/\/archives.regards.fr\/index.php?rest_route=%2Fwp%2Fv2%2Fcomments&post=5665"}],"version-history":[{"count":0,"href":"https:\/\/archives.regards.fr\/index.php?rest_route=\/wp\/v2\/posts\/5665\/revisions"}],"wp:featuredmedia":[{"embeddable":true,"href":"https:\/\/archives.regards.fr\/index.php?rest_route=\/wp\/v2\/media\/16870"}],"wp:attachment":[{"href":"https:\/\/archives.regards.fr\/index.php?rest_route=%2Fwp%2Fv2%2Fmedia&parent=5665"}],"wp:term":[{"taxonomy":"category","embeddable":true,"href":"https:\/\/archives.regards.fr\/index.php?rest_route=%2Fwp%2Fv2%2Fcategories&post=5665"},{"taxonomy":"post_tag","embeddable":true,"href":"https:\/\/archives.regards.fr\/index.php?rest_route=%2Fwp%2Fv2%2Ftags&post=5665"}],"curies":[{"name":"wp","href":"https:\/\/api.w.org\/{rel}","templated":true}]}}