{"id":5655,"date":"2012-10-11T17:23:55","date_gmt":"2012-10-11T15:23:55","guid":{"rendered":"https:\/\/wp.muchomaas.com\/la-revue-charles5655\/"},"modified":"2012-10-11T17:23:55","modified_gmt":"2012-10-11T15:23:55","slug":"la-revue-charles5655","status":"publish","type":"post","link":"https:\/\/archives.regards.fr\/?p=5655","title":{"rendered":"La revue Charles"},"content":{"rendered":"<p>L\u2019ami Arnaud Viviant s\u2019est lanc\u00e9 dans l\u2019aventure d\u2019une revue\u00a0: <em>Charles<\/em>. Centr\u00e9e sur la politique, il y est moins question des id\u00e9es que des lieux et des formes de la politique. Chacun sait que cela a tout  \u00e0 voir. Les ouvriers de la politique sont \u00e0 l\u2019honneur du num\u00e9ro 3. R\u00e9dacteurs de discours, conseillers com\u2019 et fid\u00e8les secr\u00e9taires ont pour une fois un nom et un visage. Et \u00e7a balance\u00a0! On recommande le long t\u00e9moignage (tr\u00e8s bien \u00e9crit &#8211; comme toute la revue) de Bertrand Burgalat qui fut un temps la plume du pr\u00e9sident UMP du conseil g\u00e9n\u00e9ral de l\u2019Essonne. La causticit\u00e9 est ravageuse :<em> \u00ab\u00a0 \u201cles valeurs\u201d, \u201dune certaine id\u00e9e de la France\u201d: derri\u00e8re ce charabia, le vide.\u00a0\u00bb<\/em><\/p>\n<p>Chaque num\u00e9ro a son Charles. Cette fois, Charles Fiterman accorde un long entretien. On peut dire pour ceux qui l\u2019ont connu, qu\u2019il n\u2019a pas chang\u00e9. M\u00eame physiquement. Fid\u00e8le.<\/p>\n<p>On recommande, enfin, l\u2019enqu\u00eate <em>\u00ab\u00a0embarqu\u00e9e\u00a0\u00bb<\/em> dans le parti Pirates.<\/p>\n<p><em><a href=\"http:\/\/www.la-tengo.com\/index.php?post\/2012\/08\/01\/Nouveaut\u00e9-Charles%2C-n\u00b03\">Charles<\/a><\/em>, \u00e9d. La Tengo, 16 \u20ac.<\/p>\n","protected":false},"excerpt":{"rendered":"<p>L\u2019ami Arnaud Viviant s\u2019est lanc\u00e9 dans l\u2019aventure d\u2019une revue\u00a0: Charles. Centr\u00e9e sur la politique, il y est moins question des id\u00e9es que des lieux et des formes de la politique. Chacun sait que cela a tout \u00e0 voir. Les ouvriers de la politique sont \u00e0 l\u2019honneur du num\u00e9ro 3. R\u00e9dacteurs de discours, conseillers com\u2019 et [&hellip;]<\/p>\n","protected":false},"author":464,"featured_media":16854,"comment_status":"open","ping_status":"open","sticky":false,"template":"","format":"standard","meta":{"_themeisle_gutenberg_block_has_review":false,"footnotes":""},"categories":[111],"tags":[415],"class_list":["post-5655","post","type-post","status-publish","format-standard","has-post-thumbnail","hentry","category-nos-selections","tag-revue"],"_links":{"self":[{"href":"https:\/\/archives.regards.fr\/index.php?rest_route=\/wp\/v2\/posts\/5655","targetHints":{"allow":["GET"]}}],"collection":[{"href":"https:\/\/archives.regards.fr\/index.php?rest_route=\/wp\/v2\/posts"}],"about":[{"href":"https:\/\/archives.regards.fr\/index.php?rest_route=\/wp\/v2\/types\/post"}],"author":[{"embeddable":true,"href":"https:\/\/archives.regards.fr\/index.php?rest_route=\/wp\/v2\/users\/464"}],"replies":[{"embeddable":true,"href":"https:\/\/archives.regards.fr\/index.php?rest_route=%2Fwp%2Fv2%2Fcomments&post=5655"}],"version-history":[{"count":0,"href":"https:\/\/archives.regards.fr\/index.php?rest_route=\/wp\/v2\/posts\/5655\/revisions"}],"wp:featuredmedia":[{"embeddable":true,"href":"https:\/\/archives.regards.fr\/index.php?rest_route=\/wp\/v2\/media\/16854"}],"wp:attachment":[{"href":"https:\/\/archives.regards.fr\/index.php?rest_route=%2Fwp%2Fv2%2Fmedia&parent=5655"}],"wp:term":[{"taxonomy":"category","embeddable":true,"href":"https:\/\/archives.regards.fr\/index.php?rest_route=%2Fwp%2Fv2%2Fcategories&post=5655"},{"taxonomy":"post_tag","embeddable":true,"href":"https:\/\/archives.regards.fr\/index.php?rest_route=%2Fwp%2Fv2%2Ftags&post=5655"}],"curies":[{"name":"wp","href":"https:\/\/api.w.org\/{rel}","templated":true}]}}