{"id":5652,"date":"2012-10-11T15:43:31","date_gmt":"2012-10-11T13:43:31","guid":{"rendered":"https:\/\/wp.muchomaas.com\/cope-et-les-pains-au-chocolat5652\/"},"modified":"2023-06-23T23:12:17","modified_gmt":"2023-06-23T21:12:17","slug":"cope-et-les-pains-au-chocolat5652","status":"publish","type":"post","link":"https:\/\/archives.regards.fr\/?p=5652","title":{"rendered":"Cop\u00e9 et les pains au chocolat"},"content":{"rendered":"<p class=\"post_excerpt\">Cl\u00e9mentine Autain, directrice de Regards, revient sur l&#8217;affaire des pains au chocolat d\u00e9clench\u00e9e par Jean-Fran\u00e7ois Cop\u00e9.<\/p>\n<div class=\"iframe_container\">\n<iframe frameborder=\"0\" style=\"position:absolute;width:100%;height:100%\" src=\"http:\/\/www.youtube.com\/embed\/MvFWCPVYaeA\"><\/iframe><\/div>\n<p>&nbsp;<br \/><div id='gallery-1' class='gallery galleryid-5652 gallery-columns-3 gallery-size-thumbnail'><figure class='gallery-item'>\n\t\t\t<div class='gallery-icon landscape'>\n\t\t\t\t<a href='https:\/\/archives.regards.fr\/wp-content\/uploads\/2012\/10\/clemb-2-2-412.jpg'><img loading=\"lazy\" decoding=\"async\" width=\"150\" height=\"150\" src=\"https:\/\/archives.regards.fr\/wp-content\/uploads\/2012\/10\/clemb-2-2-412-150x150.jpg\" class=\"attachment-thumbnail size-thumbnail\" alt=\"Cop\u00e9 et les pains au chocolat\" aria-describedby=\"gallery-1-16848\" \/><\/a>\n\t\t\t<\/div>\n\t\t\t\t<figcaption class='wp-caption-text gallery-caption' id='gallery-1-16848'>\n\t\t\t\tCop\u00e9 et les pains au chocolat\n\t\t\t\t<\/figcaption><\/figure>\n\t\t<\/div>\n<\/p>\n","protected":false},"excerpt":{"rendered":"<p>Cl\u00e9mentine Autain, directrice de Regards, revient sur l&#8217;affaire des pains au chocolat d\u00e9clench\u00e9e par Jean-Fran\u00e7ois Cop\u00e9.<\/p>\n","protected":false},"author":643,"featured_media":16848,"comment_status":"open","ping_status":"open","sticky":false,"template":"","format":"standard","meta":{"_themeisle_gutenberg_block_has_review":false,"footnotes":""},"categories":[141],"tags":[328],"class_list":["post-5652","post","type-post","status-publish","format-standard","has-post-thumbnail","hentry","category-archives-web","tag-editorial"],"_links":{"self":[{"href":"https:\/\/archives.regards.fr\/index.php?rest_route=\/wp\/v2\/posts\/5652","targetHints":{"allow":["GET"]}}],"collection":[{"href":"https:\/\/archives.regards.fr\/index.php?rest_route=\/wp\/v2\/posts"}],"about":[{"href":"https:\/\/archives.regards.fr\/index.php?rest_route=\/wp\/v2\/types\/post"}],"author":[{"embeddable":true,"href":"https:\/\/archives.regards.fr\/index.php?rest_route=\/wp\/v2\/users\/643"}],"replies":[{"embeddable":true,"href":"https:\/\/archives.regards.fr\/index.php?rest_route=%2Fwp%2Fv2%2Fcomments&post=5652"}],"version-history":[{"count":0,"href":"https:\/\/archives.regards.fr\/index.php?rest_route=\/wp\/v2\/posts\/5652\/revisions"}],"wp:featuredmedia":[{"embeddable":true,"href":"https:\/\/archives.regards.fr\/index.php?rest_route=\/wp\/v2\/media\/16848"}],"wp:attachment":[{"href":"https:\/\/archives.regards.fr\/index.php?rest_route=%2Fwp%2Fv2%2Fmedia&parent=5652"}],"wp:term":[{"taxonomy":"category","embeddable":true,"href":"https:\/\/archives.regards.fr\/index.php?rest_route=%2Fwp%2Fv2%2Fcategories&post=5652"},{"taxonomy":"post_tag","embeddable":true,"href":"https:\/\/archives.regards.fr\/index.php?rest_route=%2Fwp%2Fv2%2Ftags&post=5652"}],"curies":[{"name":"wp","href":"https:\/\/api.w.org\/{rel}","templated":true}]}}