{"id":565,"date":"2017-05-18T10:11:57","date_gmt":"2017-05-18T08:11:57","guid":{"rendered":"https:\/\/wp.muchomaas.com\/breve-francois-baroin-565\/"},"modified":"2017-05-18T10:11:57","modified_gmt":"2017-05-18T08:11:57","slug":"breve-francois-baroin-565","status":"publish","type":"post","link":"https:\/\/archives.regards.fr\/?p=565","title":{"rendered":"Fran\u00e7ois Baroin"},"content":{"rendered":"<p><em>\u00ab\u00a0Je trouve que c\u2019est assez malin de mettre les deux prises d\u2019otage \u00e0 droite \u00e0 Bercy pour incarner l&#8217;augmentation des imp\u00f4ts et de la CSG. \u00bb<\/em> (RTL, 18\/05\/2017)<\/p>\n","protected":false},"excerpt":{"rendered":"<p>\u00ab\u00a0Je trouve que c\u2019est assez malin de mettre les deux prises d\u2019otage \u00e0 droite \u00e0 Bercy pour incarner l&#8217;augmentation des imp\u00f4ts et de la CSG. \u00bb (RTL, 18\/05\/2017)<\/p>\n","protected":false},"author":1,"featured_media":0,"comment_status":"open","ping_status":"open","sticky":false,"template":"","format":"standard","meta":{"_themeisle_gutenberg_block_has_review":false,"footnotes":""},"categories":[284],"tags":[],"class_list":["post-565","post","type-post","status-publish","format-standard","hentry","category-declarama-breves"],"_links":{"self":[{"href":"https:\/\/archives.regards.fr\/index.php?rest_route=\/wp\/v2\/posts\/565","targetHints":{"allow":["GET"]}}],"collection":[{"href":"https:\/\/archives.regards.fr\/index.php?rest_route=\/wp\/v2\/posts"}],"about":[{"href":"https:\/\/archives.regards.fr\/index.php?rest_route=\/wp\/v2\/types\/post"}],"author":[{"embeddable":true,"href":"https:\/\/archives.regards.fr\/index.php?rest_route=\/wp\/v2\/users\/1"}],"replies":[{"embeddable":true,"href":"https:\/\/archives.regards.fr\/index.php?rest_route=%2Fwp%2Fv2%2Fcomments&post=565"}],"version-history":[{"count":0,"href":"https:\/\/archives.regards.fr\/index.php?rest_route=\/wp\/v2\/posts\/565\/revisions"}],"wp:attachment":[{"href":"https:\/\/archives.regards.fr\/index.php?rest_route=%2Fwp%2Fv2%2Fmedia&parent=565"}],"wp:term":[{"taxonomy":"category","embeddable":true,"href":"https:\/\/archives.regards.fr\/index.php?rest_route=%2Fwp%2Fv2%2Fcategories&post=565"},{"taxonomy":"post_tag","embeddable":true,"href":"https:\/\/archives.regards.fr\/index.php?rest_route=%2Fwp%2Fv2%2Ftags&post=565"}],"curies":[{"name":"wp","href":"https:\/\/api.w.org\/{rel}","templated":true}]}}