{"id":5643,"date":"2012-10-09T09:06:28","date_gmt":"2012-10-09T07:06:28","guid":{"rendered":"https:\/\/wp.muchomaas.com\/le-gouvernement-peut-il-faire-fi5643\/"},"modified":"2012-10-09T09:06:28","modified_gmt":"2012-10-09T07:06:28","slug":"le-gouvernement-peut-il-faire-fi5643","status":"publish","type":"post","link":"https:\/\/archives.regards.fr\/?p=5643","title":{"rendered":"Le gouvernement peut-il faire fi du mouvement social ?"},"content":{"rendered":"<p class=\"post_excerpt\">Chronique vid\u00e9o de Pierre Jacquemain, responsable \u00e9ditorial de Regards.fr <\/p>\n<p>Le mouvement social veut se faire entendre du tout nouveau pouvoir socialiste. In\u00e9dit 5 mois apr\u00e8s une \u00e9lection.<\/p>\n<p><iframe loading=\"lazy\" width=\"460\" height=\"345\" src=\"http:\/\/www.youtube.com\/embed\/_ayhIJRHbs0\" frameborder=\"0\" allowfullscreen><\/iframe><\/p>\n","protected":false},"excerpt":{"rendered":"<p>Chronique vid\u00e9o de Pierre Jacquemain, responsable \u00e9ditorial de Regards.fr <\/p>\n","protected":false},"author":1039,"featured_media":0,"comment_status":"open","ping_status":"open","sticky":false,"template":"","format":"standard","meta":{"_themeisle_gutenberg_block_has_review":false,"footnotes":""},"categories":[154],"tags":[357],"class_list":["post-5643","post","type-post","status-publish","format-standard","hentry","category-chronique-video-de-pierre-jacquemain","tag-chronique"],"_links":{"self":[{"href":"https:\/\/archives.regards.fr\/index.php?rest_route=\/wp\/v2\/posts\/5643","targetHints":{"allow":["GET"]}}],"collection":[{"href":"https:\/\/archives.regards.fr\/index.php?rest_route=\/wp\/v2\/posts"}],"about":[{"href":"https:\/\/archives.regards.fr\/index.php?rest_route=\/wp\/v2\/types\/post"}],"author":[{"embeddable":true,"href":"https:\/\/archives.regards.fr\/index.php?rest_route=\/wp\/v2\/users\/1039"}],"replies":[{"embeddable":true,"href":"https:\/\/archives.regards.fr\/index.php?rest_route=%2Fwp%2Fv2%2Fcomments&post=5643"}],"version-history":[{"count":0,"href":"https:\/\/archives.regards.fr\/index.php?rest_route=\/wp\/v2\/posts\/5643\/revisions"}],"wp:attachment":[{"href":"https:\/\/archives.regards.fr\/index.php?rest_route=%2Fwp%2Fv2%2Fmedia&parent=5643"}],"wp:term":[{"taxonomy":"category","embeddable":true,"href":"https:\/\/archives.regards.fr\/index.php?rest_route=%2Fwp%2Fv2%2Fcategories&post=5643"},{"taxonomy":"post_tag","embeddable":true,"href":"https:\/\/archives.regards.fr\/index.php?rest_route=%2Fwp%2Fv2%2Ftags&post=5643"}],"curies":[{"name":"wp","href":"https:\/\/api.w.org\/{rel}","templated":true}]}}