{"id":5632,"date":"2012-10-05T15:10:06","date_gmt":"2012-10-05T13:10:06","guid":{"rendered":"https:\/\/wp.muchomaas.com\/une-autobiographie-de-neil-young5632\/"},"modified":"2012-10-05T15:10:06","modified_gmt":"2012-10-05T13:10:06","slug":"une-autobiographie-de-neil-young5632","status":"publish","type":"post","link":"https:\/\/archives.regards.fr\/?p=5632","title":{"rendered":"Une Autobiographie, de Neil Young"},"content":{"rendered":"<p>Les fans du rocker canadien risquent fort d\u2019\u00eatre d\u00e9concert\u00e9s par cette soi-disant autobiographie. R\u00e9sumons les faits\u00a0: \u00e0 65 ans, Neil Young vient d\u2019arr\u00eater la fumette et l\u2019alcool. R\u00e9sultat\u00a0: panne d\u2019inspiration au niveau des chansons. Alors, pour s\u2019occuper, il d\u00e9cide d\u2019\u00e9crire un livre (son p\u00e8re \u00e9tait \u00e9crivain). Nul doute qu\u2019il l\u2019ait \u00e9crit seul&#8230; Mais au lieu de parler de musique, le voil\u00e0 qui s\u2019\u00e9panche sur toutes ses marottes (et elles sont nombreuses)\u00a0: sa collection de trains \u00e9lectriques, son projet de voiture \u00e0 l\u2019\u00e9thanol, sa lutte contre le son MP3 compress\u00e9 \u00e0 travers une invention qu\u2019il a fait breveter et qui restitue la musique telle qu\u2019elle a \u00e9t\u00e9 enregistr\u00e9e. Livre compl\u00e8tement fou, partant dans tous les sens, \u00e9pileptique comme Neil Young l\u2019est lui-m\u00eame\u00a0; et en m\u00eame temps, dans toute sa candeur d\u00e9sorient\u00e9e, terriblement attachant.<\/p>\n<p><em>Une autobiographie<\/em>, de Neil Young, \u00e9d. Robert Laffont, 552p., 23\u20ac.<\/p>\n","protected":false},"excerpt":{"rendered":"<p>Les fans du rocker canadien risquent fort d\u2019\u00eatre d\u00e9concert\u00e9s par cette soi-disant autobiographie. R\u00e9sumons les faits\u00a0: \u00e0 65 ans, Neil Young vient d\u2019arr\u00eater la fumette et l\u2019alcool. R\u00e9sultat\u00a0: panne d\u2019inspiration au niveau des chansons. Alors, pour s\u2019occuper, il d\u00e9cide d\u2019\u00e9crire un livre (son p\u00e8re \u00e9tait \u00e9crivain). Nul doute qu\u2019il l\u2019ait \u00e9crit seul&#8230; Mais au lieu [&hellip;]<\/p>\n","protected":false},"author":1,"featured_media":16804,"comment_status":"open","ping_status":"open","sticky":false,"template":"","format":"standard","meta":{"_themeisle_gutenberg_block_has_review":false,"footnotes":""},"categories":[111],"tags":[],"class_list":["post-5632","post","type-post","status-publish","format-standard","has-post-thumbnail","hentry","category-nos-selections"],"_links":{"self":[{"href":"https:\/\/archives.regards.fr\/index.php?rest_route=\/wp\/v2\/posts\/5632","targetHints":{"allow":["GET"]}}],"collection":[{"href":"https:\/\/archives.regards.fr\/index.php?rest_route=\/wp\/v2\/posts"}],"about":[{"href":"https:\/\/archives.regards.fr\/index.php?rest_route=\/wp\/v2\/types\/post"}],"author":[{"embeddable":true,"href":"https:\/\/archives.regards.fr\/index.php?rest_route=\/wp\/v2\/users\/1"}],"replies":[{"embeddable":true,"href":"https:\/\/archives.regards.fr\/index.php?rest_route=%2Fwp%2Fv2%2Fcomments&post=5632"}],"version-history":[{"count":0,"href":"https:\/\/archives.regards.fr\/index.php?rest_route=\/wp\/v2\/posts\/5632\/revisions"}],"wp:featuredmedia":[{"embeddable":true,"href":"https:\/\/archives.regards.fr\/index.php?rest_route=\/wp\/v2\/media\/16804"}],"wp:attachment":[{"href":"https:\/\/archives.regards.fr\/index.php?rest_route=%2Fwp%2Fv2%2Fmedia&parent=5632"}],"wp:term":[{"taxonomy":"category","embeddable":true,"href":"https:\/\/archives.regards.fr\/index.php?rest_route=%2Fwp%2Fv2%2Fcategories&post=5632"},{"taxonomy":"post_tag","embeddable":true,"href":"https:\/\/archives.regards.fr\/index.php?rest_route=%2Fwp%2Fv2%2Ftags&post=5632"}],"curies":[{"name":"wp","href":"https:\/\/api.w.org\/{rel}","templated":true}]}}