{"id":5631,"date":"2012-10-05T15:09:49","date_gmt":"2012-10-05T13:09:49","guid":{"rendered":"https:\/\/wp.muchomaas.com\/l-herbe-des-nuits-de-patrick5631\/"},"modified":"2012-10-05T15:09:49","modified_gmt":"2012-10-05T13:09:49","slug":"l-herbe-des-nuits-de-patrick5631","status":"publish","type":"post","link":"https:\/\/archives.regards.fr\/?p=5631","title":{"rendered":"L&#8217;Herbe des nuits, de Patrick Modiano"},"content":{"rendered":"<p>Plus Modiano vieillit, plus sa prose devient po\u00e9tique, abstraite, quasi m\u00e9taphysique. Le narrateur erre dans le Paris d\u2019aujourd\u2019hui \u00e0 t\u00e9l\u00e9phone portable, et entrouvre au coin des rues les portes du pass\u00e9. C\u2019est comme si l\u2019avenue du pr\u00e9sent d\u00e9bouchait sur une venelle obscure\u00a0: en l\u2019occurrence l\u2019ann\u00e9e 1965. Celle o\u00f9 Ben Barka a \u00e9t\u00e9 kidnapp\u00e9 (en lisant ce livre, on a parfois l\u2019impression que Modiano a r\u00e9ussi \u00e0 \u00e9crire un roman po\u00e9tique sur l\u2019affaire Ben Barka), celle o\u00f9 le po\u00e8te Jacques Audiberti est mort\u2026 Mais beaucoup d\u2019autres po\u00e8tes hantent ces pages\u00a0: Tristan Corbi\u00e8re, Blaise Cendrars ou encore Baudelaire \u00e0 travers sa V\u00e9nus noire, Jeanne Duval. Le titre du roman,<em> L&#8217; Herbe des nuits<\/em> vient, lui, d\u2019un vers d\u2019Ossip Mandelstam. Les personnages sont flous, les temporalit\u00e9s se chevauchent, comme si Modiano cherchait \u00e0 d\u00e9crire litt\u00e9rairement, non scientifiquement, et subjectivement, la courbure du temps d\u00e9couverte par Einstein. <\/p>\n<p><em>L&#8217;Herbe des nuits<\/em>, de Patrick Modiano, \u00e9d. Gallimard, 178p., 16,90\u20ac.<\/p>\n","protected":false},"excerpt":{"rendered":"<p>Plus Modiano vieillit, plus sa prose devient po\u00e9tique, abstraite, quasi m\u00e9taphysique. Le narrateur erre dans le Paris d\u2019aujourd\u2019hui \u00e0 t\u00e9l\u00e9phone portable, et entrouvre au coin des rues les portes du pass\u00e9. C\u2019est comme si l\u2019avenue du pr\u00e9sent d\u00e9bouchait sur une venelle obscure\u00a0: en l\u2019occurrence l\u2019ann\u00e9e 1965. Celle o\u00f9 Ben Barka a \u00e9t\u00e9 kidnapp\u00e9 (en lisant [&hellip;]<\/p>\n","protected":false},"author":1,"featured_media":16803,"comment_status":"open","ping_status":"open","sticky":false,"template":"","format":"standard","meta":{"_themeisle_gutenberg_block_has_review":false,"footnotes":""},"categories":[111],"tags":[],"class_list":["post-5631","post","type-post","status-publish","format-standard","has-post-thumbnail","hentry","category-nos-selections"],"_links":{"self":[{"href":"https:\/\/archives.regards.fr\/index.php?rest_route=\/wp\/v2\/posts\/5631","targetHints":{"allow":["GET"]}}],"collection":[{"href":"https:\/\/archives.regards.fr\/index.php?rest_route=\/wp\/v2\/posts"}],"about":[{"href":"https:\/\/archives.regards.fr\/index.php?rest_route=\/wp\/v2\/types\/post"}],"author":[{"embeddable":true,"href":"https:\/\/archives.regards.fr\/index.php?rest_route=\/wp\/v2\/users\/1"}],"replies":[{"embeddable":true,"href":"https:\/\/archives.regards.fr\/index.php?rest_route=%2Fwp%2Fv2%2Fcomments&post=5631"}],"version-history":[{"count":0,"href":"https:\/\/archives.regards.fr\/index.php?rest_route=\/wp\/v2\/posts\/5631\/revisions"}],"wp:featuredmedia":[{"embeddable":true,"href":"https:\/\/archives.regards.fr\/index.php?rest_route=\/wp\/v2\/media\/16803"}],"wp:attachment":[{"href":"https:\/\/archives.regards.fr\/index.php?rest_route=%2Fwp%2Fv2%2Fmedia&parent=5631"}],"wp:term":[{"taxonomy":"category","embeddable":true,"href":"https:\/\/archives.regards.fr\/index.php?rest_route=%2Fwp%2Fv2%2Fcategories&post=5631"},{"taxonomy":"post_tag","embeddable":true,"href":"https:\/\/archives.regards.fr\/index.php?rest_route=%2Fwp%2Fv2%2Ftags&post=5631"}],"curies":[{"name":"wp","href":"https:\/\/api.w.org\/{rel}","templated":true}]}}