{"id":5630,"date":"2012-10-05T15:01:20","date_gmt":"2012-10-05T13:01:20","guid":{"rendered":"https:\/\/wp.muchomaas.com\/la-theorie-de-l-information-d5630\/"},"modified":"2012-10-05T15:01:20","modified_gmt":"2012-10-05T13:01:20","slug":"la-theorie-de-l-information-d5630","status":"publish","type":"post","link":"https:\/\/archives.regards.fr\/?p=5630","title":{"rendered":"La Th\u00e9orie de l\u2019information, d\u2019Aur\u00e9lien Bellanger"},"content":{"rendered":"<p>Cette fiction autobiographique sur Xavier Niel est l\u2019inverse d\u2019un page turner. Autant dire que c\u2019est du lourd, que la page est pesante, qu\u2019on n\u2019avale pas comme \u00e7a le nombre d\u2019informations, justement, distill\u00e9es dans <em>La Th\u00e9orie de l\u2019information<\/em>. Malgr\u00e9 tout, cela demeure d\u2019une pesanteur s\u00e9duisante, et parfois m\u00eame passionnante.<br \/>\nParce qu\u2019Aur\u00e9lien Bellanger est l\u2019auteur d\u2019un essai litt\u00e9raire sur Houellebecq dans le droit fil de son a\u00een\u00e9 Dominique Noguez, on a beaucoup \u00e9crit, et un peu paresseusement, que \u00ab\u00a0La Th\u00e9orie de l\u2019Information\u00a0\u00bb \u00e9tait un roman houellebecquien. D\u2019ailleurs, le mod\u00e8le du roman, le pr\u00e9sident de Free, Xavier Niel en personne, notre Steve Jobs hexagonal, l\u2019a conc\u00e9d\u00e9 au magazine <em>Le Point<\/em>\u00a0: houellebecquien, il a dit, en parlant finalement de lui-m\u00eame. Marrant.<\/p>\n<p>Mais scientifiquement, <em>in fine<\/em>, vraiment houellebecquien ?<\/p>\n<p>En fait, la vraie r\u00e9ponse devrait plut\u00f4t \u00eatre \u00e0 notre avis : oui et non. Oui, il est vrai que l\u2019enfance de Pascal Ertanger (et non pas Etranger comme on pourrait facilement le lire), c\u2019est-\u00e0-dire le double fictionnel de Xavier Niel, ressemble assez \u00e0 l\u2019enfance de Michel dans <em>les Particules \u00e9l\u00e9mentaires<\/em>. Surtout dans sa mani\u00e8re d\u2019\u00eatre trait\u00e9e sociologiquement, \u00e0 l\u2019int\u00e9rieur du cadre n\u00e9o bourgeois des villes nouvelles des ann\u00e9es 1960-1970, cr\u00e9\u00e9es \u00e0 l\u2019ouest de Paris sur ordre du G\u00e9n\u00e9ral de Gaulle afin de desserrer ce qu\u2019on appelait alors \u00ab\u00a0la ceinture rouge\u00a0\u00bb qui faisait peur.<br \/>\nMais non aussi, car il n\u2019y a quasiment jamais, dans la phrase d\u2019Aur\u00e9lien Bellanger, le n\u00e9cessaire d\u00e9lestage qu\u2019a toujours constitu\u00e9 chez Houellebecq, son impalpable ironie\u00a0; ce que beaucoup d\u2019incertains ont appel\u00e9, en simplifiant un peu \u00e9norm\u00e9ment : son humour.<br \/>\nEn fait, s\u2019il fallait absolument trancher, <em>La Th\u00e9orie de l\u2019information<\/em> est surtout un roman balzacien. Pas un des meilleurs de Balzac, disons-le tout net, mais qui serait tout de m\u00eame \u00e0 Internet ce que <em>Illusions perdues<\/em> aura \u00e9t\u00e9 \u00e0 l\u2019imprimerie. Aur\u00e9lien Bellanger ne se cache d\u2019ailleurs pas, en entretien, d\u2019avoir lu ou relu, allez donc savoir, \u00ab\u00a0toute\u00a0\u00bb <em>La Com\u00e9die Humaine<\/em> avant d\u2019avoir pondu son pond\u00e9reux premier roman. Mais le fait est que dans les meilleurs passages de son livre (par exemple, la travers\u00e9e du quartier du Sentier, la nuit, \u00e0 l\u2019aube des ann\u00e9es 2000), \u00e0 d\u00e9couvrir comme dirait mon libraire, cela se sent bien. Bellanger ou la mythologie geek fran\u00e7aise. <\/p>\n<p><em>La Th\u00e9orie de l&#8217;information<\/em>, d&#8217;Aur\u00e9lien Bellanger, \u00e9d. Gallimard, 496p., 22,50\u20ac.<\/p>\n","protected":false},"excerpt":{"rendered":"<p>Cette fiction autobiographique sur Xavier Niel est l\u2019inverse d\u2019un page turner. Autant dire que c\u2019est du lourd, que la page est pesante, qu\u2019on n\u2019avale pas comme \u00e7a le nombre d\u2019informations, justement, distill\u00e9es dans La Th\u00e9orie de l\u2019information. Malgr\u00e9 tout, cela demeure d\u2019une pesanteur s\u00e9duisante, et parfois m\u00eame passionnante. Parce qu\u2019Aur\u00e9lien Bellanger est l\u2019auteur d\u2019un essai [&hellip;]<\/p>\n","protected":false},"author":1,"featured_media":16802,"comment_status":"open","ping_status":"open","sticky":false,"template":"","format":"standard","meta":{"_themeisle_gutenberg_block_has_review":false,"footnotes":""},"categories":[111],"tags":[],"class_list":["post-5630","post","type-post","status-publish","format-standard","has-post-thumbnail","hentry","category-nos-selections"],"_links":{"self":[{"href":"https:\/\/archives.regards.fr\/index.php?rest_route=\/wp\/v2\/posts\/5630","targetHints":{"allow":["GET"]}}],"collection":[{"href":"https:\/\/archives.regards.fr\/index.php?rest_route=\/wp\/v2\/posts"}],"about":[{"href":"https:\/\/archives.regards.fr\/index.php?rest_route=\/wp\/v2\/types\/post"}],"author":[{"embeddable":true,"href":"https:\/\/archives.regards.fr\/index.php?rest_route=\/wp\/v2\/users\/1"}],"replies":[{"embeddable":true,"href":"https:\/\/archives.regards.fr\/index.php?rest_route=%2Fwp%2Fv2%2Fcomments&post=5630"}],"version-history":[{"count":0,"href":"https:\/\/archives.regards.fr\/index.php?rest_route=\/wp\/v2\/posts\/5630\/revisions"}],"wp:featuredmedia":[{"embeddable":true,"href":"https:\/\/archives.regards.fr\/index.php?rest_route=\/wp\/v2\/media\/16802"}],"wp:attachment":[{"href":"https:\/\/archives.regards.fr\/index.php?rest_route=%2Fwp%2Fv2%2Fmedia&parent=5630"}],"wp:term":[{"taxonomy":"category","embeddable":true,"href":"https:\/\/archives.regards.fr\/index.php?rest_route=%2Fwp%2Fv2%2Fcategories&post=5630"},{"taxonomy":"post_tag","embeddable":true,"href":"https:\/\/archives.regards.fr\/index.php?rest_route=%2Fwp%2Fv2%2Ftags&post=5630"}],"curies":[{"name":"wp","href":"https:\/\/api.w.org\/{rel}","templated":true}]}}