{"id":5620,"date":"2012-10-04T17:08:34","date_gmt":"2012-10-04T15:08:34","guid":{"rendered":"https:\/\/wp.muchomaas.com\/laurent-jacqua-on-nous-dit-le5620\/"},"modified":"2023-06-23T23:12:13","modified_gmt":"2023-06-23T21:12:13","slug":"laurent-jacqua-on-nous-dit-le5620","status":"publish","type":"post","link":"https:\/\/archives.regards.fr\/?p=5620","title":{"rendered":"Laurent Jacqua, \u00ab On nous dit &#8220;le crime, le crime, le crime&#8221;. \u00bb"},"content":{"rendered":"<p class=\"post_excerpt\">\u00ab Faut-il abolir la prison ? \u00bb Tel \u00e9tait le th\u00e8me de la conf\u00e9rence organis\u00e9e le 28 septembre dernier par le barreau de Lyon. Un ancien prisonnier, Laurent Jacqua, \u00e9tait invit\u00e9. Son r\u00e9cit entre dans le vif du sujet.  <\/p>\n<p>Lors de la conf\u00e9rence organis\u00e9e par le barreau de Lyon sur la prison, l&#8217;ancien d\u00e9tenu Laurent Jacqua est intervenu en dernier. C\u2019est ainsi que le tour de table avait \u00e9t\u00e9 pr\u00e9vu. La parole \u00e0 l\u2019accus\u00e9 ? Il fait mine de s\u2019\u00e9tonner. Les autres sourient, pas vraiment g\u00ean\u00e9s. Il est  assis \u00e0 la tribune aux c\u00f4t\u00e9s de Jacques Baume, procureur g\u00e9n\u00e9ral pr\u00e8s de la Cour d\u2019appel de Lyon, de Michel Rismann, vice-pr\u00e9sident du tribunal de grande instance de Lyon, de Philippe Bilger l\u2019ex-avocat g\u00e9n\u00e9ral \u00e0 la Cour d\u2019assise de Paris, du c\u00e9l\u00e8bre avocat Thierry L\u00e9vy et du pr\u00e9sident de l\u2019Observatoire international des prisons Antoine Lazarus. Apr\u00e8s 25 ans derri\u00e8re les barreaux, il est venu raconter. <\/p>\n<p>Son parcours carc\u00e9ral d\u00e9bute en 1984. Alors \u00e2g\u00e9 de 18 ans, il prend dix ans pour le meurtre d\u2019un skinhead qui, avec son groupe, s\u2019\u00e9tait attaqu\u00e9 \u00e0 lui et \u00e0 sa compagne. Il conna\u00eet les cellules et les quartiers disciplinaires, le quotidien des s\u00e9ropositifs \u2013 dont il fait partie \u2013 en maison d\u2019arr\u00eat. De lib\u00e9rations en r\u00e9cidives, d\u2019incarc\u00e9rations en \u00e9vasions, il sait tout des m\u00e9canismes qui conduisent \u00e0 l\u2019allongement des peines. En 2000, cet ancien braqueur lance un blog \u00ab pirate \u00bb qu\u2019il tiendra pendant trois ans. Le livre qu\u2019il publie \u00e0 sa sortie, en 2010, a pour titre <em>J\u2019ai mis le feu \u00e0 la prison<\/em>. <\/p>\n<p>La prison est-elle n\u00e9cessaire ? C&#8217;est la question qui \u00e9tait pos\u00e9e ce jour-l\u00e0 aux diff\u00e9rents intervenants. Il botte en touche, pr\u00e9f\u00e9rant rester concret : la prison, qu\u2019est-ce que c\u2019est ? <em>\u00ab Qu\u2019est-ce qu\u2019une promenade, une cellule, une humiliation ? \u00bb \u00ab Vous arrivez en promenade et si vous avez une paire de baskets avec une petite marque, vous \u00eates mis \u00e0 l\u2019amende. Il faut taper tout de suite. C\u2019est un milieu de violence pure. Je sais de quoi je parle, j\u2019ai fait 19 ans de maison d\u2019arr\u00eat et 6 ans de maison centrale. \u00bb<\/em> Les prisonniers doivent laisser leur nom \u00e0 l\u2019entr\u00e9e, en \u00e9change d\u2019un num\u00e9ro. Laurent Jacqua n\u2019a pas oubli\u00e9 le sien : 138496Q. <em>\u00ab On s\u2019en souvient toute sa vie. \u00bb <\/em> Comme des s\u00e9ances d\u2019humiliation au cours desquelles il se retrouvait nu, aux mains des matons qui lui <em>\u00ab \u00e9cartaient les fesses \u00bb<\/em>. Ce type de comportements est pour lui un pousse-au-crime. <em>\u00ab La soci\u00e9t\u00e9 veut s\u2019en prot\u00e9ger mais les gens finissent bien par sortir, quand ils ne se suicident pas, il y a un mort tous les trois jours. Sans parler de ceux qui se loupent, de ceux qui deviennent fous, de ceux qui sont en train d\u2019y mourir comme des chiens. \u00bb <\/em> <\/p>\n<p>La gravit\u00e9 de certains meurtres justifierait tous les traitements. Il faudrait bien punir, sanctionner ces actes. Faire payer leurs auteurs. <em>\u00ab On nous dit \u201cLe crime, le crime, le crime\u201d. Il y a des criminels, mais en proportion ils sont une minorit\u00e9. La peine moyenne est de neuf ou dix mois en France. 86% des d\u00e9tenus font moins d\u2019un an. \u00bb<\/em> Et puis au fond, il s\u2019interroge : <em>\u00ab R\u00e9pare-t-on une injustice par une autre injustice ? \u00bb<\/em><\/p>\n<div id='gallery-1' class='gallery galleryid-5620 gallery-columns-3 gallery-size-thumbnail'><figure class='gallery-item'>\n\t\t\t<div class='gallery-icon landscape'>\n\t\t\t\t<a href='https:\/\/archives.regards.fr\/wp-content\/uploads\/2012\/10\/liberte-603.jpg'><img loading=\"lazy\" decoding=\"async\" width=\"150\" height=\"150\" src=\"https:\/\/archives.regards.fr\/wp-content\/uploads\/2012\/10\/liberte-603-150x150.jpg\" class=\"attachment-thumbnail size-thumbnail\" alt=\"liberte.jpg\" \/><\/a>\n\t\t\t<\/div><\/figure><figure class='gallery-item'>\n\t\t\t<div class='gallery-icon landscape'>\n\t\t\t\t<a href='https:\/\/archives.regards.fr\/wp-content\/uploads\/2012\/10\/liberteb-292.jpg'><img loading=\"lazy\" decoding=\"async\" width=\"150\" height=\"150\" src=\"https:\/\/archives.regards.fr\/wp-content\/uploads\/2012\/10\/liberteb-292-150x150.jpg\" class=\"attachment-thumbnail size-thumbnail\" alt=\"Laurent Jacqua, \u00ab On nous dit &quot;le crime, le crime, le crime&quot;. \u00bb\" aria-describedby=\"gallery-1-16792\" \/><\/a>\n\t\t\t<\/div>\n\t\t\t\t<figcaption class='wp-caption-text gallery-caption' id='gallery-1-16792'>\n\t\t\t\tLaurent Jacqua, \u00ab On nous dit &#8220;le crime, le crime, le crime&#8221;. \u00bb\n\t\t\t\t<\/figcaption><\/figure>\n\t\t<\/div>\n\n","protected":false},"excerpt":{"rendered":"<p>\u00ab Faut-il abolir la prison ? \u00bb Tel \u00e9tait le th\u00e8me de la conf\u00e9rence organis\u00e9e le 28 septembre dernier par le barreau de Lyon. Un ancien prisonnier, Laurent Jacqua, \u00e9tait invit\u00e9. Son r\u00e9cit entre dans le vif du sujet.  <\/p>\n","protected":false},"author":573,"featured_media":16791,"comment_status":"open","ping_status":"open","sticky":false,"template":"","format":"standard","meta":{"_themeisle_gutenberg_block_has_review":false,"footnotes":""},"categories":[141],"tags":[],"class_list":["post-5620","post","type-post","status-publish","format-standard","has-post-thumbnail","hentry","category-archives-web"],"_links":{"self":[{"href":"https:\/\/archives.regards.fr\/index.php?rest_route=\/wp\/v2\/posts\/5620","targetHints":{"allow":["GET"]}}],"collection":[{"href":"https:\/\/archives.regards.fr\/index.php?rest_route=\/wp\/v2\/posts"}],"about":[{"href":"https:\/\/archives.regards.fr\/index.php?rest_route=\/wp\/v2\/types\/post"}],"author":[{"embeddable":true,"href":"https:\/\/archives.regards.fr\/index.php?rest_route=\/wp\/v2\/users\/573"}],"replies":[{"embeddable":true,"href":"https:\/\/archives.regards.fr\/index.php?rest_route=%2Fwp%2Fv2%2Fcomments&post=5620"}],"version-history":[{"count":0,"href":"https:\/\/archives.regards.fr\/index.php?rest_route=\/wp\/v2\/posts\/5620\/revisions"}],"wp:featuredmedia":[{"embeddable":true,"href":"https:\/\/archives.regards.fr\/index.php?rest_route=\/wp\/v2\/media\/16791"}],"wp:attachment":[{"href":"https:\/\/archives.regards.fr\/index.php?rest_route=%2Fwp%2Fv2%2Fmedia&parent=5620"}],"wp:term":[{"taxonomy":"category","embeddable":true,"href":"https:\/\/archives.regards.fr\/index.php?rest_route=%2Fwp%2Fv2%2Fcategories&post=5620"},{"taxonomy":"post_tag","embeddable":true,"href":"https:\/\/archives.regards.fr\/index.php?rest_route=%2Fwp%2Fv2%2Ftags&post=5620"}],"curies":[{"name":"wp","href":"https:\/\/api.w.org\/{rel}","templated":true}]}}