{"id":561,"date":"2017-05-14T20:33:44","date_gmt":"2017-05-14T18:33:44","guid":{"rendered":"https:\/\/wp.muchomaas.com\/breve-manuel-valls-561\/"},"modified":"2017-05-14T20:33:44","modified_gmt":"2017-05-14T18:33:44","slug":"breve-manuel-valls-561","status":"publish","type":"post","link":"https:\/\/archives.regards.fr\/?p=561","title":{"rendered":"Manuel Valls"},"content":{"rendered":"<p><em>\u00ab Je ne veux pas abandonner mon combat id\u00e9ologique pour la R\u00e9publique et la la\u00efcit\u00e9. (\u2026) je n&#8217;ai pas de probl\u00e8me avec le bonapartisme. \u00bb<\/em> (JDD, 14\/05\/2017)<\/p>\n","protected":false},"excerpt":{"rendered":"<p>\u00ab Je ne veux pas abandonner mon combat id\u00e9ologique pour la R\u00e9publique et la la\u00efcit\u00e9. (\u2026) je n&#8217;ai pas de probl\u00e8me avec le bonapartisme. \u00bb (JDD, 14\/05\/2017)<\/p>\n","protected":false},"author":1,"featured_media":0,"comment_status":"open","ping_status":"open","sticky":false,"template":"","format":"standard","meta":{"_themeisle_gutenberg_block_has_review":false,"footnotes":""},"categories":[284],"tags":[],"class_list":["post-561","post","type-post","status-publish","format-standard","hentry","category-declarama-breves"],"_links":{"self":[{"href":"https:\/\/archives.regards.fr\/index.php?rest_route=\/wp\/v2\/posts\/561","targetHints":{"allow":["GET"]}}],"collection":[{"href":"https:\/\/archives.regards.fr\/index.php?rest_route=\/wp\/v2\/posts"}],"about":[{"href":"https:\/\/archives.regards.fr\/index.php?rest_route=\/wp\/v2\/types\/post"}],"author":[{"embeddable":true,"href":"https:\/\/archives.regards.fr\/index.php?rest_route=\/wp\/v2\/users\/1"}],"replies":[{"embeddable":true,"href":"https:\/\/archives.regards.fr\/index.php?rest_route=%2Fwp%2Fv2%2Fcomments&post=561"}],"version-history":[{"count":0,"href":"https:\/\/archives.regards.fr\/index.php?rest_route=\/wp\/v2\/posts\/561\/revisions"}],"wp:attachment":[{"href":"https:\/\/archives.regards.fr\/index.php?rest_route=%2Fwp%2Fv2%2Fmedia&parent=561"}],"wp:term":[{"taxonomy":"category","embeddable":true,"href":"https:\/\/archives.regards.fr\/index.php?rest_route=%2Fwp%2Fv2%2Fcategories&post=561"},{"taxonomy":"post_tag","embeddable":true,"href":"https:\/\/archives.regards.fr\/index.php?rest_route=%2Fwp%2Fv2%2Ftags&post=561"}],"curies":[{"name":"wp","href":"https:\/\/api.w.org\/{rel}","templated":true}]}}