{"id":5598,"date":"2012-10-02T16:22:02","date_gmt":"2012-10-02T14:22:02","guid":{"rendered":"https:\/\/wp.muchomaas.com\/christiane-taubira-ne-s-engage-pas5598\/"},"modified":"2023-06-23T23:12:09","modified_gmt":"2023-06-23T21:12:09","slug":"christiane-taubira-ne-s-engage-pas5598","status":"publish","type":"post","link":"https:\/\/archives.regards.fr\/?p=5598","title":{"rendered":"Christiane Taubira ne s\u2019engage pas sur l\u2019homoparentalit\u00e9"},"content":{"rendered":"<p class=\"post_excerpt\">Le mariage est une chose, la parentalit\u00e9 en est une autre. C\u2019est en substance le discours tenu par la ministre de la Justice dans un entretien accord\u00e9 au magazine T\u00eatu. Lors de la campagne pr\u00e9sidentielle, Fran\u00e7ois Hollande s\u2019\u00e9tait pourtant d\u00e9clar\u00e9 favorable \u00e0 la PMA pour les couples de lesbiennes.<\/p>\n<p>L\u2019ann\u00e9e 2013 ne sera sans doute pas \u00e0 la hauteur des attentes exprim\u00e9es par les associations LGBT. Si la ministre de la Justice Christiane Taubira promet d\u2019ouvrir le mariage aux personnes de m\u00eame sexe <em>\u00ab le plus rapidement possible \u00bb<\/em>, souhaitant que <em>\u00ab 2013 soit une ann\u00e9e historique \u00e0 cet \u00e9gard \u00bb<\/em>, elle semble beaucoup plus h\u00e9sitante sur les questions de parentalit\u00e9. En t\u00e9moigne l\u2019entretien qu\u2019elle a accord\u00e9 au magazine <em><a href=\"http:\/\/www.tetu.com\/\">T\u00eatu<\/a><\/em> : <em>\u00ab La question de la parentalit\u00e9 est plus large, elle int\u00e9resse les familles quel que soit leur statut et elle emporte des cons\u00e9quences juridiques bien plus nombreuses que celles n\u00e9es de l&#8217;ouverture du mariage et de l&#8217;adoption aux personnes du m\u00eame sexe.<\/em> (\u2026) <em>Je pense que ces questions peuvent \u00eatre s\u00e9par\u00e9es pour se donner davantage de temps pour y travailler. \u00bb <\/em> <\/p>\n<p>Certes, la PMA ne figure pas parmi les 60 engagements pr\u00e9sidentiels qui s\u2019en tiennent au mariage et \u00e0 l\u2019adoption \u2013 se gardant d\u2019\u00e9voquer, par exemple, l\u2019ouverture de la procr\u00e9ation m\u00e9dicalement assist\u00e9e (PMA) aux couples de femmes. Toutefois, le candidat Fran\u00e7ois Hollande s\u2019y \u00e9tait d\u00e9clar\u00e9 favorable pendant la campagne, notamment dans <em>T\u00eatu <\/em>. <em>\u00ab Aux conditions d\u2019\u00e2ge. \u00bb<\/em> <em>\u00ab Il faut que ce soit un projet parental. Et je suis aussi tr\u00e8s soucieux du respect de l\u2019anonymat du don de gam\u00e8tes \u00bb<\/em>, estimait-il alors, en revanche <em>\u00ab hostile \u00e0 la gestation pour autrui, la GPA \u00bb<\/em>. Serge Portelli et Cl\u00e9lia Richard pr\u00e9cisent cependant, dans <em>D\u00e9sirs de familles. Homosexualit\u00e9 et parentalit\u00e9<\/em> (\u00e9d. l\u2019Atelier, 2012), que le Pr\u00e9sident proposait <em>\u00ab lorsque des enfants n\u00e9s d\u2019une GPA l\u00e9gale \u00e0 l\u2019\u00e9tranger reviennent en France avec leurs parents, de permettre la retranscription sur les registres de l\u2019\u00e9tat-civil fran\u00e7ais de leur acte de naissance et de faciliter la reconnaissance du lien parent-enfant \u00bb<\/em>. Les auteurs rappellent d\u2019autres d\u00e9clarations, en faveur de la reconnaissance du statut des beaux-parents engag\u00e9s dans l\u2019\u00e9ducation d\u2019un enfant sans en \u00eatre le parent biologique ou adoptif et de l\u2019assouplissement des conditions d\u2019acc\u00e8s \u00e0 l\u2019autorit\u00e9 parentale. <\/p>\n<p>Le projet de loi qui doit \u00eatre pr\u00e9sent\u00e9 fin octobre en conseil des ministres marquera donc une avanc\u00e9e, mais il est probable qu&#8217;il ne constitue pas le tournant historique esp\u00e9r\u00e9. Les familles homoparentales continueront-elles encore longtemps \u00e0 vivre dans une zone de non-droit ? <div id='gallery-1' class='gallery galleryid-5598 gallery-columns-3 gallery-size-thumbnail'><figure class='gallery-item'>\n\t\t\t<div class='gallery-icon landscape'>\n\t\t\t\t<a href='https:\/\/archives.regards.fr\/wp-content\/uploads\/2012\/10\/gaydad-aaf.jpg'><img loading=\"lazy\" decoding=\"async\" width=\"150\" height=\"150\" src=\"https:\/\/archives.regards.fr\/wp-content\/uploads\/2012\/10\/gaydad-aaf-150x150.jpg\" class=\"attachment-thumbnail size-thumbnail\" alt=\"gaydad.jpg\" \/><\/a>\n\t\t\t<\/div><\/figure><figure class='gallery-item'>\n\t\t\t<div class='gallery-icon landscape'>\n\t\t\t\t<a href='https:\/\/archives.regards.fr\/wp-content\/uploads\/2012\/10\/gaydadb-553.jpg'><img loading=\"lazy\" decoding=\"async\" width=\"150\" height=\"150\" src=\"https:\/\/archives.regards.fr\/wp-content\/uploads\/2012\/10\/gaydadb-553-150x150.jpg\" class=\"attachment-thumbnail size-thumbnail\" alt=\"Christiane Taubira ne s\u2019engage pas sur l\u2019homoparentalit\u00e9\" aria-describedby=\"gallery-1-16752\" \/><\/a>\n\t\t\t<\/div>\n\t\t\t\t<figcaption class='wp-caption-text gallery-caption' id='gallery-1-16752'>\n\t\t\t\tChristiane Taubira ne s\u2019engage pas sur l\u2019homoparentalit\u00e9\n\t\t\t\t<\/figcaption><\/figure><figure class='gallery-item'>\n\t\t\t<div class='gallery-icon landscape'>\n\t\t\t\t<a href='https:\/\/archives.regards.fr\/wp-content\/uploads\/2012\/10\/gaydadc-685.jpg'><img loading=\"lazy\" decoding=\"async\" width=\"80\" height=\"55\" src=\"https:\/\/archives.regards.fr\/wp-content\/uploads\/2012\/10\/gaydadc-685.jpg\" class=\"attachment-thumbnail size-thumbnail\" alt=\"Christiane Taubira ne s\u2019engage pas sur l\u2019homoparentalit\u00e9\" aria-describedby=\"gallery-1-16753\" \/><\/a>\n\t\t\t<\/div>\n\t\t\t\t<figcaption class='wp-caption-text gallery-caption' id='gallery-1-16753'>\n\t\t\t\tChristiane Taubira ne s\u2019engage pas sur l\u2019homoparentalit\u00e9\n\t\t\t\t<\/figcaption><\/figure>\n\t\t<\/div>\n<\/p>\n","protected":false},"excerpt":{"rendered":"<p>Le mariage est une chose, la parentalit\u00e9 en est une autre. C\u2019est en substance le discours tenu par la ministre de la Justice dans un entretien accord\u00e9 au magazine T\u00eatu. Lors de la campagne pr\u00e9sidentielle, Fran\u00e7ois Hollande s\u2019\u00e9tait pourtant d\u00e9clar\u00e9 favorable \u00e0 la PMA pour les couples de lesbiennes.<\/p>\n","protected":false},"author":573,"featured_media":16751,"comment_status":"open","ping_status":"open","sticky":false,"template":"","format":"standard","meta":{"_themeisle_gutenberg_block_has_review":false,"footnotes":""},"categories":[141],"tags":[426,327],"class_list":["post-5598","post","type-post","status-publish","format-standard","has-post-thumbnail","hentry","category-archives-web","tag-christiane-taubira","tag-lgbt"],"_links":{"self":[{"href":"https:\/\/archives.regards.fr\/index.php?rest_route=\/wp\/v2\/posts\/5598","targetHints":{"allow":["GET"]}}],"collection":[{"href":"https:\/\/archives.regards.fr\/index.php?rest_route=\/wp\/v2\/posts"}],"about":[{"href":"https:\/\/archives.regards.fr\/index.php?rest_route=\/wp\/v2\/types\/post"}],"author":[{"embeddable":true,"href":"https:\/\/archives.regards.fr\/index.php?rest_route=\/wp\/v2\/users\/573"}],"replies":[{"embeddable":true,"href":"https:\/\/archives.regards.fr\/index.php?rest_route=%2Fwp%2Fv2%2Fcomments&post=5598"}],"version-history":[{"count":0,"href":"https:\/\/archives.regards.fr\/index.php?rest_route=\/wp\/v2\/posts\/5598\/revisions"}],"wp:featuredmedia":[{"embeddable":true,"href":"https:\/\/archives.regards.fr\/index.php?rest_route=\/wp\/v2\/media\/16751"}],"wp:attachment":[{"href":"https:\/\/archives.regards.fr\/index.php?rest_route=%2Fwp%2Fv2%2Fmedia&parent=5598"}],"wp:term":[{"taxonomy":"category","embeddable":true,"href":"https:\/\/archives.regards.fr\/index.php?rest_route=%2Fwp%2Fv2%2Fcategories&post=5598"},{"taxonomy":"post_tag","embeddable":true,"href":"https:\/\/archives.regards.fr\/index.php?rest_route=%2Fwp%2Fv2%2Ftags&post=5598"}],"curies":[{"name":"wp","href":"https:\/\/api.w.org\/{rel}","templated":true}]}}