{"id":5597,"date":"2012-10-02T14:17:16","date_gmt":"2012-10-02T12:17:16","guid":{"rendered":"https:\/\/wp.muchomaas.com\/l-algerie-a-vautier5597\/"},"modified":"2012-10-02T14:17:16","modified_gmt":"2012-10-02T12:17:16","slug":"l-algerie-a-vautier5597","status":"publish","type":"post","link":"https:\/\/archives.regards.fr\/?p=5597","title":{"rendered":"L&#8217;Alg\u00e9rie \u00e0 Vautier"},"content":{"rendered":"<p class=\"post_excerpt\">Alors qu\u2019on comm\u00e9more cette ann\u00e9e dans la plus grande discr\u00e9tion le cinquanti\u00e8me anniversaire de l\u2019ind\u00e9pendance de l\u2019Alg\u00e9rie, ressort sur les \u00e9crans fran\u00e7ais <em>Avoir 20 ans dans les Aur\u00e8s<\/em>, dans une version restaur\u00e9e num\u00e9riquement qui fait ressurgir, par del\u00e0 son propos anti militariste et anti colonial, la vision esth\u00e9tique et le regard po\u00e9tique de son auteur, le cin\u00e9aste militant Ren\u00e9 Vautier.<\/p>\n<p>De ce film, tourn\u00e9e en 1972 \u00e0 partir des centaines de t\u00e9moignages d\u2019appel\u00e9s en Alg\u00e9rie, on aurait tort de ne retenir que l\u2019histoire \u00e9difiante de son projet politique, de sa production ind\u00e9pendante et des conditions de tournage, de ses interdictions administratives, de sa d\u00e9nonciation enfin par tout ce que l\u2019hexagone compte encore de salauds\/OAS et que <em>20 ans dans les Aur\u00e8s<\/em> pourrait afficher comme autant de blessures de guerre ou de m\u00e9dailles militantes du cin\u00e9ma politique, engag\u00e9, rebelle. Car \u00e0 la revoyure il appara\u00eet que ce film, \u00e0 fois honni et encens\u00e9, vaut plus que tous les \u00e9loges qui auraient pu finir par l\u2019\u00e9touffer compl\u00e8tement.<\/p>\n<p>De fait, \u00e0 quarante ans de distance, cette fresque alg\u00e9rienne qui met en sc\u00e8ne la fa\u00e7on dont l\u2019arm\u00e9e fran\u00e7aise a pu s\u2019y prendre pour faire tirer sur des paysans autant si ce n\u2019est plus que sur les fellaghas, de jeunes appel\u00e9s fran\u00e7ais syndiqu\u00e9s, politis\u00e9s, pacifistes, force le respect par la modernit\u00e9 de sa r\u00e9alisation. Par modernit\u00e9 il faut entendre tout ce qui, dans la r\u00e9alisation appartient \u00e0 la tentative de r\u00e9sistance au r\u00e9cit fictionnel dominant, c\u2019est \u00e0 dire la po\u00e9sie.<\/p>\n<p><iframe loading=\"lazy\" src=\"http:\/\/player.vimeo.com\/video\/49864821?byline=0&#038;portrait=0&#038;color=ff9933\" width=\"100%\" height=\"281\" frameborder=\"0\" webkitAllowFullScreen mozallowfullscreen allowFullScreen><\/iframe><\/p>\n<p>Une po\u00e9sie qui s\u2019exprime de prime abord par l\u2019utilisation que fait Vautier de la chanson populaire, contestataire. Pr\u00e9sentes depuis les premi\u00e8res s\u00e9quences, et revenant tout au long du film comme autant, soit de renforcement, soit de mise \u00e0 distance de ce qui vient de se jouer, ces chansons expriment mieux que ne le feraient des dialogues l\u2019\u00e9tat d\u2019esprit de ces jeunes gens ensabl\u00e9s dans cette guerre qui ne disait pas son nom et qui n\u2019\u00e9tait pas la leur.<\/p>\n<p>Cette troupe d\u2019appel\u00e9s, comme on disait avant que le service militaire ne soit abandonn\u00e9, c\u2019est surtout celle des com\u00e9diens, que Vautier chercha group\u00e9. Il les trouva au sein d\u2019une bande de brestois mais aussi dans une troupe de th\u00e9\u00e2tre qui, en ce d\u00e9but seventies, jouaient \u00e0 Paris une pi\u00e8ce intitul\u00e9e \u00ab\u00a0les fraises muscl\u00e9es\u00a0\u00bb. L\u2019auteur et metteur en sc\u00e8ne n\u2019\u00e9tait autre que Jean Michel \u00ab\u00a0Rond Point\u00a0\u00bb Ribes, d\u2019une sveltesse qui n\u2019avait d\u2019\u00e9gale que la gouaille qui ne l\u2019a jamais quitt\u00e9e. Il fut commis d\u2019office au r\u00f4le de l\u2019aumonier libertaire. Parmi ces \u00ab\u00a0parisiens\u00a0\u00bb on remarque aussi un autre jeune com\u00e9dien, qui, assez loin de son emploi de pacifiste id\u00e9aliste, mettra en sc\u00e8ne, quinze ans plus tard, et \u00e0 des ann\u00e9es lumi\u00e8res du projet de Vautier, toute la nostalgie pied-noir au cin\u00e9ma\u00a0: Alexandre Arcady\u00a0! Ses com\u00e9diens Vautier chois\u00eet de les mettre en sc\u00e8ne de la fa\u00e7on la plus anti-autoritaire qui soit, sans dialogues sc\u00e9naris\u00e9s ou \u00e9crits. Le r\u00e9alisateur expliquait la situation et laissait r\u00e9agir ses com\u00e9diens pour ne garder que les prises qui correspondaient aux t\u00e9moignages des vrais appel\u00e9s, c\u2019est \u00e0 dire presque toutes.<\/p>\n<p>Cette libert\u00e9, doubl\u00e9e de po\u00e9sie, c\u2019est aussi au travers des paysages de l\u2019Alg\u00e9rie, des Aur\u00e8s, ce pays des Chaouis berb\u00e9rophones, que le r\u00e9alisateur l\u2019exprime. Devant les panoramas du film on a le sentiment de d\u00e9couvrir, avec lui, une terre mill\u00e9naire, pacifique, un \u00e9den terrestre. A ce titre la sc\u00e8ne dans laquelle la troupe, d\u00e9froqu\u00e9e de l\u2019uniforme kaki de l\u2019arm\u00e9e fran\u00e7aise, prend un bain dans la rivi\u00e8re qui coule au fond des gorges d\u2019El Kantara prend une valeur toute particuli\u00e8re. Celle d\u2019un paradis trouv\u00e9, et puis perdu, iconique, un peu \u2013 et pourquoi pas\u00a0?- \u00e0 la fa\u00e7on dont Terence Malick inscrira plus tard ses marines dans la beaut\u00e9 luxuriante de la jungle de <em>The Thin Red Line<\/em>\u2026<\/p>\n<p>En 1972, Vautier n\u2019en \u00e9tait pas \u00e0 son coup d\u2019essai avec l\u2019Alg\u00e9rie. En 1956 il r\u00e9alisait dans le maquis de l\u2019ALN, branch\u00e9e arm\u00e9e du FLN, <em>\u00ab\u00a0Alg\u00e9rie en Flammes\u00a0\u00bb<\/em>. Tourn\u00e9 dans les Aur\u00e8s, et mont\u00e9 en RDA, le film d\u00e9fendait si bien  la cause alg\u00e9rienne, qu\u2019il \u00e9tait incongru qu\u2019il f\u00fbt r\u00e9aliser par un fran\u00e7ais. Vautier fut alors mis \u00e0 l\u2019\u00e9cart et emprisonn\u00e9 vingt cinq mois par ceux l\u00e0 m\u00eame aux c\u00f4t\u00e9s desquels il s\u2019\u00e9tait engag\u00e9. Cela ne le fera pas d\u00e9vier de son combat. En 1962 il cr\u00e9era le Centre Audiovisuel d\u2019Alger dont le projet tenait en quelques mots\u00a0qu\u2019on aimerait penser toujours actuels <em>\u00ab\u00a0vers le socialisme par le cin\u00e9ma, en dehors de toute censure. L\u2019utopie en marche\u00a0\u00bb<\/em>. Trop fort Ren\u00e9.<\/p>\n","protected":false},"excerpt":{"rendered":"<p>Alors qu\u2019on comm\u00e9more cette ann\u00e9e dans la plus grande discr\u00e9tion le cinquanti\u00e8me anniversaire de l\u2019ind\u00e9pendance de l\u2019Alg\u00e9rie, ressort sur les \u00e9crans fran\u00e7ais <em>Avoir 20 ans dans les Aur\u00e8s<\/em>, dans une version restaur\u00e9e num\u00e9riquement qui fait ressurgir, par del\u00e0 son propos anti militariste et anti colonial, la vision esth\u00e9tique et le regard po\u00e9tique de son auteur, le cin\u00e9aste militant Ren\u00e9 Vautier.<\/p>\n","protected":false},"author":1,"featured_media":0,"comment_status":"open","ping_status":"open","sticky":false,"template":"","format":"standard","meta":{"_themeisle_gutenberg_block_has_review":false,"footnotes":""},"categories":[141],"tags":[312,299],"class_list":["post-5597","post","type-post","status-publish","format-standard","hentry","category-archives-web","tag-algerie","tag-cinema"],"_links":{"self":[{"href":"https:\/\/archives.regards.fr\/index.php?rest_route=\/wp\/v2\/posts\/5597","targetHints":{"allow":["GET"]}}],"collection":[{"href":"https:\/\/archives.regards.fr\/index.php?rest_route=\/wp\/v2\/posts"}],"about":[{"href":"https:\/\/archives.regards.fr\/index.php?rest_route=\/wp\/v2\/types\/post"}],"author":[{"embeddable":true,"href":"https:\/\/archives.regards.fr\/index.php?rest_route=\/wp\/v2\/users\/1"}],"replies":[{"embeddable":true,"href":"https:\/\/archives.regards.fr\/index.php?rest_route=%2Fwp%2Fv2%2Fcomments&post=5597"}],"version-history":[{"count":0,"href":"https:\/\/archives.regards.fr\/index.php?rest_route=\/wp\/v2\/posts\/5597\/revisions"}],"wp:attachment":[{"href":"https:\/\/archives.regards.fr\/index.php?rest_route=%2Fwp%2Fv2%2Fmedia&parent=5597"}],"wp:term":[{"taxonomy":"category","embeddable":true,"href":"https:\/\/archives.regards.fr\/index.php?rest_route=%2Fwp%2Fv2%2Fcategories&post=5597"},{"taxonomy":"post_tag","embeddable":true,"href":"https:\/\/archives.regards.fr\/index.php?rest_route=%2Fwp%2Fv2%2Ftags&post=5597"}],"curies":[{"name":"wp","href":"https:\/\/api.w.org\/{rel}","templated":true}]}}