{"id":5596,"date":"2012-10-02T12:51:02","date_gmt":"2012-10-02T10:51:02","guid":{"rendered":"https:\/\/wp.muchomaas.com\/mort-de-l-historien-anglais-eric5596\/"},"modified":"2023-06-23T23:12:09","modified_gmt":"2023-06-23T21:12:09","slug":"mort-de-l-historien-anglais-eric5596","status":"publish","type":"post","link":"https:\/\/archives.regards.fr\/?p=5596","title":{"rendered":"Mort de l\u2019historien anglais Eric Hobsbawm"},"content":{"rendered":"<p class=\"post_excerpt\">Un hommage de Roger Martelli<\/p>\n<p>Eric Hobsbawm (1907-2012). Hobsbawm faisait partie de la petite tribu des historiens \u00ab\u00a0monumentaux\u00a0\u00bb. Par ses racines, cet homme \u00e9tait \u00e0 ce point m\u00e9tis qu\u2019il ne pouvait que toucher \u00e0 l\u2019universalit\u00e9. D\u2019Alexandrie \u00e0 Londres, en passant par Vienne et Berlin, d\u2019origine juive et ayant baign\u00e9 dans la culture de la Mitteleuropa, marxiste, communiste depuis longtemps h\u00e9t\u00e9rodoxe, cet homme hors norme a parcouru de son regard les si\u00e8cles et les continents. Il aimait avant tout ce que l\u2019historien fran\u00e7ais Pierre Vilar appelait l\u2019histoire totale, \u00e0 la fois \u00e9conomique, sociale politique et culturelle, \u00e0 la fois en haut et en bas, collective et individuelle. <\/p>\n<p>Il commen\u00e7a \u00e0 s\u2019int\u00e9resser aux r\u00e9volt\u00e9s des temps anciens, puis aux mouvements majoritaires des nationalismes. Il affectionnait en m\u00eame temps les vastes synth\u00e8ses, \u00e9rudites et puissantes, comme les historiens anglo-saxons savent s\u2019y risquer. Les trois volumes de L\u2019\u00c8re du capital, de L\u2019\u00c8re des empires et de L\u2019Age des extr\u00eames balaient all\u00e8grement plus de deux si\u00e8cles, sans que l\u2019on ait, \u00e0 aucun instant, l\u2019impression d\u2019un survol factice et press\u00e9.<\/p>\n<p>Le dernier des trois, consacr\u00e9 au \u00ab\u00a0court XXe\u00a0si\u00e8cle\u00a0\u00bb, faillit ne jamais para\u00eetre en France. Il est vrai que l\u2019analyse qu\u2019il faisait du communisme, bien que lucide et s\u00e9v\u00e8re, n\u2019allait pas vers les simplifications et les condamnations \u00e0 l\u2019emporte-pi\u00e8ce telles que les imposaient alors Fran\u00e7ois Furet ou St\u00e9phane Courtois. Son antistalinisme structurel n\u2019a jamais conduit Hobsbawn \u00e0 renoncer \u00e0 cette vieille propension qui lui interdisait d\u2019accepter comme une fatalit\u00e9 le monde tel qu\u2019il est. Il fallut donc le courage des \u00e9ditions Complexe et du Monde diplomatique pour que le public fran\u00e7ais dispose, cinq ans plus tard, les pages passionnantes de l\u2019historien britannique.<\/p>\n<p>Il n\u2019est pas facile d\u2019\u00eatre une ic\u00f4ne\u00a0; celle-l\u00e0 nous laisse une \u0153uvre. Peu nombreuses sont les personnalit\u00e9s de cet acabit.<div id='gallery-1' class='gallery galleryid-5596 gallery-columns-3 gallery-size-thumbnail'><figure class='gallery-item'>\n\t\t\t<div class='gallery-icon landscape'>\n\t\t\t\t<a href='https:\/\/archives.regards.fr\/wp-content\/uploads\/2012\/10\/hobs-efc.jpg'><img loading=\"lazy\" decoding=\"async\" width=\"150\" height=\"150\" src=\"https:\/\/archives.regards.fr\/wp-content\/uploads\/2012\/10\/hobs-efc-150x150.jpg\" class=\"attachment-thumbnail size-thumbnail\" alt=\"hobs.jpg\" \/><\/a>\n\t\t\t<\/div><\/figure><figure class='gallery-item'>\n\t\t\t<div class='gallery-icon landscape'>\n\t\t\t\t<a href='https:\/\/archives.regards.fr\/wp-content\/uploads\/2012\/10\/hobsb-b17.jpg'><img loading=\"lazy\" decoding=\"async\" width=\"150\" height=\"150\" src=\"https:\/\/archives.regards.fr\/wp-content\/uploads\/2012\/10\/hobsb-b17-150x150.jpg\" class=\"attachment-thumbnail size-thumbnail\" alt=\"Mort de l\u2019historien anglais Eric Hobsbawm\" aria-describedby=\"gallery-1-16748\" \/><\/a>\n\t\t\t<\/div>\n\t\t\t\t<figcaption class='wp-caption-text gallery-caption' id='gallery-1-16748'>\n\t\t\t\tMort de l\u2019historien anglais Eric Hobsbawm\n\t\t\t\t<\/figcaption><\/figure><figure class='gallery-item'>\n\t\t\t<div class='gallery-icon landscape'>\n\t\t\t\t<a href='https:\/\/archives.regards.fr\/wp-content\/uploads\/2012\/10\/hobsc-8c1.jpg'><img loading=\"lazy\" decoding=\"async\" width=\"80\" height=\"55\" src=\"https:\/\/archives.regards.fr\/wp-content\/uploads\/2012\/10\/hobsc-8c1.jpg\" class=\"attachment-thumbnail size-thumbnail\" alt=\"Mort de l\u2019historien anglais Eric Hobsbawm\" aria-describedby=\"gallery-1-16749\" \/><\/a>\n\t\t\t<\/div>\n\t\t\t\t<figcaption class='wp-caption-text gallery-caption' id='gallery-1-16749'>\n\t\t\t\tMort de l\u2019historien anglais Eric Hobsbawm\n\t\t\t\t<\/figcaption><\/figure>\n\t\t<\/div>\n<\/p>\n","protected":false},"excerpt":{"rendered":"<p>Un hommage de Roger Martelli<\/p>\n","protected":false},"author":328,"featured_media":16747,"comment_status":"open","ping_status":"open","sticky":false,"template":"","format":"standard","meta":{"_themeisle_gutenberg_block_has_review":false,"footnotes":""},"categories":[141],"tags":[],"class_list":["post-5596","post","type-post","status-publish","format-standard","has-post-thumbnail","hentry","category-archives-web"],"_links":{"self":[{"href":"https:\/\/archives.regards.fr\/index.php?rest_route=\/wp\/v2\/posts\/5596","targetHints":{"allow":["GET"]}}],"collection":[{"href":"https:\/\/archives.regards.fr\/index.php?rest_route=\/wp\/v2\/posts"}],"about":[{"href":"https:\/\/archives.regards.fr\/index.php?rest_route=\/wp\/v2\/types\/post"}],"author":[{"embeddable":true,"href":"https:\/\/archives.regards.fr\/index.php?rest_route=\/wp\/v2\/users\/328"}],"replies":[{"embeddable":true,"href":"https:\/\/archives.regards.fr\/index.php?rest_route=%2Fwp%2Fv2%2Fcomments&post=5596"}],"version-history":[{"count":0,"href":"https:\/\/archives.regards.fr\/index.php?rest_route=\/wp\/v2\/posts\/5596\/revisions"}],"wp:featuredmedia":[{"embeddable":true,"href":"https:\/\/archives.regards.fr\/index.php?rest_route=\/wp\/v2\/media\/16747"}],"wp:attachment":[{"href":"https:\/\/archives.regards.fr\/index.php?rest_route=%2Fwp%2Fv2%2Fmedia&parent=5596"}],"wp:term":[{"taxonomy":"category","embeddable":true,"href":"https:\/\/archives.regards.fr\/index.php?rest_route=%2Fwp%2Fv2%2Fcategories&post=5596"},{"taxonomy":"post_tag","embeddable":true,"href":"https:\/\/archives.regards.fr\/index.php?rest_route=%2Fwp%2Fv2%2Ftags&post=5596"}],"curies":[{"name":"wp","href":"https:\/\/api.w.org\/{rel}","templated":true}]}}