{"id":5595,"date":"2012-10-01T18:20:03","date_gmt":"2012-10-01T16:20:03","guid":{"rendered":"https:\/\/wp.muchomaas.com\/eric-coquerel-au-coeur-du-front-de5595\/"},"modified":"2012-10-01T18:20:03","modified_gmt":"2012-10-01T16:20:03","slug":"eric-coquerel-au-coeur-du-front-de5595","status":"publish","type":"post","link":"https:\/\/archives.regards.fr\/?p=5595","title":{"rendered":"\u00c9ric Coquerel, Au c\u0153ur du Front de gauche, Les \u00e9ditions Arcane 17, 266 p., 19\u00a0\u20ac"},"content":{"rendered":"<p>Secr\u00e9taire national du Parti de Gauche, \u00c9ric Coquerel relate, sur un ton personnel, les cheminements tortueux de la gauche de gauche depuis 2002. Le regard est volontairement subjectif. Il est honn\u00eate et solidement inform\u00e9. De la campagne Chev\u00e8nement, qu\u2019il a accompagn\u00e9e non sans lourdes r\u00e9serves, jusqu\u2019aux campagnes \u00e9lectorales de 2012, Coquerel s\u2019efforce de ne rien cacher, des espoirs comme des cruelles d\u00e9sillusions. La pente r\u00e9publicaine et sociale est affirm\u00e9e sans fards, avec chaleur mais sans hargne. Au total, voil\u00e0 un livre utile et attachant\u2026<\/p>\n","protected":false},"excerpt":{"rendered":"<p>Secr\u00e9taire national du Parti de Gauche, \u00c9ric Coquerel relate, sur un ton personnel, les cheminements tortueux de la gauche de gauche depuis 2002. Le regard est volontairement subjectif. Il est honn\u00eate et solidement inform\u00e9. De la campagne Chev\u00e8nement, qu\u2019il a accompagn\u00e9e non sans lourdes r\u00e9serves, jusqu\u2019aux campagnes \u00e9lectorales de 2012, Coquerel s\u2019efforce de ne rien [&hellip;]<\/p>\n","protected":false},"author":328,"featured_media":16746,"comment_status":"open","ping_status":"open","sticky":false,"template":"","format":"standard","meta":{"_themeisle_gutenberg_block_has_review":false,"footnotes":""},"categories":[111],"tags":[],"class_list":["post-5595","post","type-post","status-publish","format-standard","has-post-thumbnail","hentry","category-nos-selections"],"_links":{"self":[{"href":"https:\/\/archives.regards.fr\/index.php?rest_route=\/wp\/v2\/posts\/5595","targetHints":{"allow":["GET"]}}],"collection":[{"href":"https:\/\/archives.regards.fr\/index.php?rest_route=\/wp\/v2\/posts"}],"about":[{"href":"https:\/\/archives.regards.fr\/index.php?rest_route=\/wp\/v2\/types\/post"}],"author":[{"embeddable":true,"href":"https:\/\/archives.regards.fr\/index.php?rest_route=\/wp\/v2\/users\/328"}],"replies":[{"embeddable":true,"href":"https:\/\/archives.regards.fr\/index.php?rest_route=%2Fwp%2Fv2%2Fcomments&post=5595"}],"version-history":[{"count":0,"href":"https:\/\/archives.regards.fr\/index.php?rest_route=\/wp\/v2\/posts\/5595\/revisions"}],"wp:featuredmedia":[{"embeddable":true,"href":"https:\/\/archives.regards.fr\/index.php?rest_route=\/wp\/v2\/media\/16746"}],"wp:attachment":[{"href":"https:\/\/archives.regards.fr\/index.php?rest_route=%2Fwp%2Fv2%2Fmedia&parent=5595"}],"wp:term":[{"taxonomy":"category","embeddable":true,"href":"https:\/\/archives.regards.fr\/index.php?rest_route=%2Fwp%2Fv2%2Fcategories&post=5595"},{"taxonomy":"post_tag","embeddable":true,"href":"https:\/\/archives.regards.fr\/index.php?rest_route=%2Fwp%2Fv2%2Ftags&post=5595"}],"curies":[{"name":"wp","href":"https:\/\/api.w.org\/{rel}","templated":true}]}}