{"id":5593,"date":"2012-10-01T18:15:36","date_gmt":"2012-10-01T16:15:36","guid":{"rendered":"https:\/\/wp.muchomaas.com\/christian-langeois-henri-krasucki5593\/"},"modified":"2012-10-01T18:15:36","modified_gmt":"2012-10-01T16:15:36","slug":"christian-langeois-henri-krasucki5593","status":"publish","type":"post","link":"https:\/\/archives.regards.fr\/?p=5593","title":{"rendered":"Christian Langeois, Henri Krasucki 1924-2003, Le cherche midi, 2012, 364 p., 19\u00a0\u20ac"},"content":{"rendered":"<p>Henri Krasucki fut une grande figure du communisme et du syndicalisme. Le petit juif polonais, d\u00e9barqu\u00e9 \u00e0 Paris \u00e0 quatre ans, en 1928, est devenu un dirigeant de la puissante CGT et du PCF. Cet homme discret, \u00e9tonnamment cultiv\u00e9, a fait corps, jusqu\u2019au bout, avec une histoire collective bien tumultueuse. Christian Langeois, qui conna\u00eet bien le syndicalisme, lui consacre une premi\u00e8re biographie, chaleureuse et inform\u00e9e. Des pages passionnantes sur l\u2019enfance et les ann\u00e9es de la guerre\u2026<\/p>\n","protected":false},"excerpt":{"rendered":"<p>Henri Krasucki fut une grande figure du communisme et du syndicalisme. Le petit juif polonais, d\u00e9barqu\u00e9 \u00e0 Paris \u00e0 quatre ans, en 1928, est devenu un dirigeant de la puissante CGT et du PCF. Cet homme discret, \u00e9tonnamment cultiv\u00e9, a fait corps, jusqu\u2019au bout, avec une histoire collective bien tumultueuse. Christian Langeois, qui conna\u00eet bien [&hellip;]<\/p>\n","protected":false},"author":328,"featured_media":16745,"comment_status":"open","ping_status":"open","sticky":false,"template":"","format":"standard","meta":{"_themeisle_gutenberg_block_has_review":false,"footnotes":""},"categories":[111],"tags":[],"class_list":["post-5593","post","type-post","status-publish","format-standard","has-post-thumbnail","hentry","category-nos-selections"],"_links":{"self":[{"href":"https:\/\/archives.regards.fr\/index.php?rest_route=\/wp\/v2\/posts\/5593","targetHints":{"allow":["GET"]}}],"collection":[{"href":"https:\/\/archives.regards.fr\/index.php?rest_route=\/wp\/v2\/posts"}],"about":[{"href":"https:\/\/archives.regards.fr\/index.php?rest_route=\/wp\/v2\/types\/post"}],"author":[{"embeddable":true,"href":"https:\/\/archives.regards.fr\/index.php?rest_route=\/wp\/v2\/users\/328"}],"replies":[{"embeddable":true,"href":"https:\/\/archives.regards.fr\/index.php?rest_route=%2Fwp%2Fv2%2Fcomments&post=5593"}],"version-history":[{"count":0,"href":"https:\/\/archives.regards.fr\/index.php?rest_route=\/wp\/v2\/posts\/5593\/revisions"}],"wp:featuredmedia":[{"embeddable":true,"href":"https:\/\/archives.regards.fr\/index.php?rest_route=\/wp\/v2\/media\/16745"}],"wp:attachment":[{"href":"https:\/\/archives.regards.fr\/index.php?rest_route=%2Fwp%2Fv2%2Fmedia&parent=5593"}],"wp:term":[{"taxonomy":"category","embeddable":true,"href":"https:\/\/archives.regards.fr\/index.php?rest_route=%2Fwp%2Fv2%2Fcategories&post=5593"},{"taxonomy":"post_tag","embeddable":true,"href":"https:\/\/archives.regards.fr\/index.php?rest_route=%2Fwp%2Fv2%2Ftags&post=5593"}],"curies":[{"name":"wp","href":"https:\/\/api.w.org\/{rel}","templated":true}]}}