{"id":5591,"date":"2012-10-02T08:00:00","date_gmt":"2012-10-02T06:00:00","guid":{"rendered":"https:\/\/wp.muchomaas.com\/la-mediterranee-dans-l-oeil-de-ses5591\/"},"modified":"2023-06-23T23:12:07","modified_gmt":"2023-06-23T21:12:07","slug":"la-mediterranee-dans-l-oeil-de-ses5591","status":"publish","type":"post","link":"https:\/\/archives.regards.fr\/?p=5591","title":{"rendered":"La M\u00e9diterran\u00e9e dans l&#8217;oeil de ses femmes"},"content":{"rendered":"<p class=\"post_excerpt\">Jusqu&#8217;au 8 octobre, dans la r\u00e9gion marseillaise, se tient le festival Films Femmes M\u00e9diterran\u00e9e (FFM). Septi\u00e8me \u00e9dition d&#8217;un \u00e9v\u00e8nement culturel unique par son double caract\u00e8re. <\/p>\n<p><strong>Cr\u00e9ations.<\/strong> S&#8217;il existe de nombreuses rencontres consacr\u00e9es au Film de femmes (dont celui de Sal\u00e9 au Maroc et, bien s\u00fbr, celui de Cr\u00e9teil en r\u00e9gion parisienne, tous les deux partenaires de FFM) et des structures vou\u00e9es \u00e0 la cr\u00e9ation cin\u00e9matographique dans la r\u00e9gion m\u00e9diterran\u00e9enne (en particulier l&#8217;excellente association aflam consacr\u00e9 \u00e0 la &#8220;diffusion des cin\u00e9mas arabes&#8221; &#8211; http:\/\/aflam.fr ), il manquait une synth\u00e8se des deux th\u00e9matiques. Elle existe depuis 2006, ann\u00e9e o\u00f9 est n\u00e9 \u00e0 Marseille, le festival Films Femmes M\u00e9diterran\u00e9e (FFM). Avec un objectif: \u00ab<em>Mettre en lumi\u00e8re le travail en cin\u00e9ma des femmes de la M\u00e9diterran\u00e9e<\/em>\u00bb. <\/p>\n<p>\u00ab<em>Cette double sp\u00e9cificit\u00e9 a un sens particulier puisque nous sommes dans une r\u00e9gion o\u00f9 il reste des progr\u00e8s \u00e0 faire sur la place et le statut des femmes<\/em>\u00bb, estime Sophie Cassar, directrice artistique du FFM. Ne revendiquant ni le titre de festival militant ni celui de festival alternatif, elle entend que le FFM permette d&#8217;aborder \u00ab<em>tous les sujets sur la place, le statut et la repr\u00e9sentation des femmes dans les soci\u00e9t\u00e9s m\u00e9diterran\u00e9ennes<\/em>\u00bb. En r\u00e9sulte, pour cette septi\u00e8me \u00e9dition, une programmation impressionnante. Tant du point de vue g\u00e9ographique avec une quinzaine de pays repr\u00e9sent\u00e9s (Alg\u00e9rie, Bosnie, Egypte, Espagne, France, Gr\u00e8ce, Italie, Iran, Isra\u00ebl, Palestine, Portugal,  Roumanie, Tunisie, Turquie) que du point de vue du genre: fictions, court et long m\u00e9trages et documentaires. Au total, plus d&#8217;une trentaine d&#8217;\u0153uvres sont pr\u00e9sent\u00e9es (le festival a commenc\u00e9 le 25 septembre). \u00ab<em>Nous sommes attach\u00e9s \u00e0 la fiction mais nous pensons que la question des femmes n&#8217;est pas d\u00e9li\u00e9e des soci\u00e9t\u00e9s dans lesquelles elles vivent, donc le film \u00e0 propos politique et le documentaire ont autant leur place dans notre programmation que les films qui se d\u00e9tachent compl\u00e8tement des enjeux soci\u00e9taux ou politiques<\/em>\u00bb, r\u00e9sume Sophie Cassar. Des films du r\u00e9pertoire, sont \u00e9galement au programme: cette ann\u00e9e, hommage aux actrices avec <em>Stella femme libre<\/em> de Michael Cacoyannis avec M\u00e9lina Mercouri et <em>Pain, amour et fantaisie<\/em> de Luigi Comencini avec Gina Lollobrigida.  <\/p>\n<p>Comme tous les &#8220;petits&#8221; festivals, le FFM jongle avec les contraintes \u00e9conomiques. Attach\u00e9 \u00e0 une programmation favorisant les films encore peu vus (cette ann\u00e9e, hors les classiques, seuls trois ne sont pas des in\u00e9dits en France), le festival se retrouve souvent confront\u00e9 \u00e0 la d\u00e9licate question du sous-titrage (co\u00fbt minimum: 1500 \u20ac pour un film). Mais les partenaires sont nombreux, le public au rendez-vous &#8211; une centaine de spectateurs par soir\u00e9e. Et, \u00e0 raison de deux projections par soir\u00e9e, bien souvent accompagn\u00e9es d&#8217;un concert ou d&#8217;un d\u00e9bat avec des r\u00e9alisatrices et\/ou actrices, des tarifs attractifs (un pass \u00e0 20 \u20ac pour 4 s\u00e9ances) et une partie de la programmation hors les murs (Hy\u00e8res, La Ciotat, Aix), le FFM semble avoir trouver une formule appel\u00e9e \u00e0 se p\u00e9reniser.<\/p>\n<div id='gallery-1' class='gallery galleryid-5591 gallery-columns-3 gallery-size-thumbnail'><figure class='gallery-item'>\n\t\t\t<div class='gallery-icon landscape'>\n\t\t\t\t<a href='https:\/\/archives.regards.fr\/wp-content\/uploads\/2012\/10\/festg-fc3.jpg'><img loading=\"lazy\" decoding=\"async\" width=\"150\" height=\"150\" src=\"https:\/\/archives.regards.fr\/wp-content\/uploads\/2012\/10\/festg-fc3-150x150.jpg\" class=\"attachment-thumbnail size-thumbnail\" alt=\"La M\u00e9diterran\u00e9e dans l&#039;oeil de ses femmes\" aria-describedby=\"gallery-1-16742\" \/><\/a>\n\t\t\t<\/div>\n\t\t\t\t<figcaption class='wp-caption-text gallery-caption' id='gallery-1-16742'>\n\t\t\t\tLa M\u00e9diterran\u00e9e dans l&#8217;oeil de ses femmes\n\t\t\t\t<\/figcaption><\/figure>\n\t\t<\/div>\n\n","protected":false},"excerpt":{"rendered":"<p>Jusqu&#8217;au 8 octobre, dans la r\u00e9gion marseillaise, se tient le festival Films Femmes M\u00e9diterran\u00e9e (FFM). Septi\u00e8me \u00e9dition d&#8217;un \u00e9v\u00e8nement culturel unique par son double caract\u00e8re. <\/p>\n","protected":false},"author":1,"featured_media":16742,"comment_status":"open","ping_status":"open","sticky":false,"template":"","format":"standard","meta":{"_themeisle_gutenberg_block_has_review":false,"footnotes":""},"categories":[141],"tags":[],"class_list":["post-5591","post","type-post","status-publish","format-standard","has-post-thumbnail","hentry","category-archives-web"],"_links":{"self":[{"href":"https:\/\/archives.regards.fr\/index.php?rest_route=\/wp\/v2\/posts\/5591","targetHints":{"allow":["GET"]}}],"collection":[{"href":"https:\/\/archives.regards.fr\/index.php?rest_route=\/wp\/v2\/posts"}],"about":[{"href":"https:\/\/archives.regards.fr\/index.php?rest_route=\/wp\/v2\/types\/post"}],"author":[{"embeddable":true,"href":"https:\/\/archives.regards.fr\/index.php?rest_route=\/wp\/v2\/users\/1"}],"replies":[{"embeddable":true,"href":"https:\/\/archives.regards.fr\/index.php?rest_route=%2Fwp%2Fv2%2Fcomments&post=5591"}],"version-history":[{"count":0,"href":"https:\/\/archives.regards.fr\/index.php?rest_route=\/wp\/v2\/posts\/5591\/revisions"}],"wp:featuredmedia":[{"embeddable":true,"href":"https:\/\/archives.regards.fr\/index.php?rest_route=\/wp\/v2\/media\/16742"}],"wp:attachment":[{"href":"https:\/\/archives.regards.fr\/index.php?rest_route=%2Fwp%2Fv2%2Fmedia&parent=5591"}],"wp:term":[{"taxonomy":"category","embeddable":true,"href":"https:\/\/archives.regards.fr\/index.php?rest_route=%2Fwp%2Fv2%2Fcategories&post=5591"},{"taxonomy":"post_tag","embeddable":true,"href":"https:\/\/archives.regards.fr\/index.php?rest_route=%2Fwp%2Fv2%2Ftags&post=5591"}],"curies":[{"name":"wp","href":"https:\/\/api.w.org\/{rel}","templated":true}]}}