{"id":5586,"date":"2012-10-01T17:58:26","date_gmt":"2012-10-01T15:58:26","guid":{"rendered":"https:\/\/wp.muchomaas.com\/stephane-lavignotte-jacques-ellul5586\/"},"modified":"2012-10-01T17:58:26","modified_gmt":"2012-10-01T15:58:26","slug":"stephane-lavignotte-jacques-ellul5586","status":"publish","type":"post","link":"https:\/\/archives.regards.fr\/?p=5586","title":{"rendered":"St\u00e9phane Lavignotte, \u00ab Jacques Ellul. L\u2019esp\u00e9rance d\u2019abord \u00bb (\u00e9d. Olivetan, 104 p., 14,50 \u20ac)"},"content":{"rendered":"<p class=\"post_excerpt\">\n<p>Tous les curieux \u00e0 la fibre \u00e9colo sont invit\u00e9s \u00e0 jeter un \u0153il ou deux sur le dernier petit ouvrage de St\u00e9phane Lavignotte, pasteur et militant de la gauche radicale, dans lequel il livre une  biographie de Jacques Ellul, l\u2019un des p\u00e8res de l\u2019\u00e9cologie politique. Curieux personnage, p\u00e9tri de marxisme et de ressources bibliques, qui a notamment traqu\u00e9 notre monde contemporain domin\u00e9 par la puissance de la technique. Le portrait n\u2019a rien d\u2019hagiographique et permet de cerner les contradictions de l\u2019un de ceux qui a inspir\u00e9 le mouvement \u00e9colo et d\u00e9croissant. Etonnant.<\/p>\n","protected":false},"excerpt":{"rendered":"<p>Tous les curieux \u00e0 la fibre \u00e9colo sont invit\u00e9s \u00e0 jeter un \u0153il ou deux sur le dernier petit ouvrage de St\u00e9phane Lavignotte, pasteur et militant de la gauche radicale, dans lequel il livre une biographie de Jacques Ellul, l\u2019un des p\u00e8res de l\u2019\u00e9cologie politique. Curieux personnage, p\u00e9tri de marxisme et de ressources bibliques, qui [&hellip;]<\/p>\n","protected":false},"author":570,"featured_media":0,"comment_status":"open","ping_status":"open","sticky":false,"template":"","format":"standard","meta":{"_themeisle_gutenberg_block_has_review":false,"footnotes":""},"categories":[111],"tags":[],"class_list":["post-5586","post","type-post","status-publish","format-standard","hentry","category-nos-selections"],"_links":{"self":[{"href":"https:\/\/archives.regards.fr\/index.php?rest_route=\/wp\/v2\/posts\/5586","targetHints":{"allow":["GET"]}}],"collection":[{"href":"https:\/\/archives.regards.fr\/index.php?rest_route=\/wp\/v2\/posts"}],"about":[{"href":"https:\/\/archives.regards.fr\/index.php?rest_route=\/wp\/v2\/types\/post"}],"author":[{"embeddable":true,"href":"https:\/\/archives.regards.fr\/index.php?rest_route=\/wp\/v2\/users\/570"}],"replies":[{"embeddable":true,"href":"https:\/\/archives.regards.fr\/index.php?rest_route=%2Fwp%2Fv2%2Fcomments&post=5586"}],"version-history":[{"count":0,"href":"https:\/\/archives.regards.fr\/index.php?rest_route=\/wp\/v2\/posts\/5586\/revisions"}],"wp:attachment":[{"href":"https:\/\/archives.regards.fr\/index.php?rest_route=%2Fwp%2Fv2%2Fmedia&parent=5586"}],"wp:term":[{"taxonomy":"category","embeddable":true,"href":"https:\/\/archives.regards.fr\/index.php?rest_route=%2Fwp%2Fv2%2Fcategories&post=5586"},{"taxonomy":"post_tag","embeddable":true,"href":"https:\/\/archives.regards.fr\/index.php?rest_route=%2Fwp%2Fv2%2Ftags&post=5586"}],"curies":[{"name":"wp","href":"https:\/\/api.w.org\/{rel}","templated":true}]}}