{"id":5584,"date":"2012-10-01T18:06:10","date_gmt":"2012-10-01T16:06:10","guid":{"rendered":"https:\/\/wp.muchomaas.com\/jean-claude-monod-qu-est-ce-qu-un5584\/"},"modified":"2012-10-01T18:06:10","modified_gmt":"2012-10-01T16:06:10","slug":"jean-claude-monod-qu-est-ce-qu-un5584","status":"publish","type":"post","link":"https:\/\/archives.regards.fr\/?p=5584","title":{"rendered":"Jean-Claude Monod, \u00ab Qu\u2019est-ce qu\u2019un chef en d\u00e9mocratie ? Politiques du charisme \u00bb (\u00e9d. Seuil, 318 p., 21\u20ac)"},"content":{"rendered":"<p><em>\u00ab Le XXe si\u00e8cle aura \u00e9t\u00e9 celui des pathologies du charisme politique \u00bb<\/em>, \u00e9crit le philosophe Jean-Claude Monod. Peut-on encore invoquer la n\u00e9cessit\u00e9 du charisme en politique, apr\u00e8s le fascisme, le nazisme ou le stalinisme ? <em>\u00ab Qu\u2019est-ce qu\u2019un chef en d\u00e9mocratie ? \u00bb <\/em> Cette question, que pose l\u2019ouvrage \u00e9ponyme, a resurgi lors de pr\u00e9sidentielle autour de la personne de Fran\u00e7ois Hollande faisant campagne sur une candidature \u00ab normale \u00bb face \u00e0 un l\u2019hyperpr\u00e9sident Nicolas Sarkozy. Deux figures, deux images, deux discours : <em>\u00ab d\u2019un c\u00f4t\u00e9 l\u2019id\u00e9e traditionnelle du chef, qui se doit d\u2019\u00eatre extra-ordinaire (au sens propre), et de l\u2019autre celle du candidat d\u00e9mocratique, si d\u00e9mocratique qu\u2019il ne serait qu\u2019un \u00ab tout un chacun \u00bb dont la modeste mais essentielle fonction serait de donner voix au peuple. \u00bb <\/em> Au-del\u00e0 des effets de communication propres \u00e0 2012, l\u2019auteur revient sur les soubassements d\u2019un tel clivage. <em>\u00ab La droite se r\u00e9clame ais\u00e9ment d\u2019une certaine \u00ab culture du chef \u00bb, tandis que la gauche met en question le pouvoir personnel. \u00bb<\/em> Institutionnalis\u00e9 par la Constitution de la Ve R\u00e9publique, le charisme du pr\u00e9sident est par ailleurs devenu une pr\u00e9rogative incontournable L\u2019auteur distingue, au fond, deux visions diff\u00e9rentes de la d\u00e9mocratie : <em>\u00ab celle qui radicalise le moment anti-\u00ab monarchique \u00bb jusqu\u2019\u00e0 refuser l\u2019id\u00e9e d\u2019un gouvernant supr\u00eame et celle qui accepte la possibilit\u00e9 d\u2019un chef d\u00e9mocratique et s\u2019attache aux m\u00e9canismes de sa \u00ab s\u00e9lection \u00bb. \u00bb<\/em> Jean-Claude Monod ne tranche pas. Le mouvement Occupy ou les partis pirates, qui refusent l\u2019\u00e9mergence de meneurs, ne pourraient se substituer \u00e0 la d\u00e9mocratie repr\u00e9sentative. \u00c0 ses yeux, il s\u2019agit donc de penser <em>\u00ab le mouvement dynamique de ces deux moments \u00bb<\/em>. <\/p>\n","protected":false},"excerpt":{"rendered":"<p>\u00ab Le XXe si\u00e8cle aura \u00e9t\u00e9 celui des pathologies du charisme politique \u00bb, \u00e9crit le philosophe Jean-Claude Monod. Peut-on encore invoquer la n\u00e9cessit\u00e9 du charisme en politique, apr\u00e8s le fascisme, le nazisme ou le stalinisme ? \u00ab Qu\u2019est-ce qu\u2019un chef en d\u00e9mocratie ? \u00bb Cette question, que pose l\u2019ouvrage \u00e9ponyme, a resurgi lors de pr\u00e9sidentielle [&hellip;]<\/p>\n","protected":false},"author":573,"featured_media":16732,"comment_status":"open","ping_status":"open","sticky":false,"template":"","format":"standard","meta":{"_themeisle_gutenberg_block_has_review":false,"footnotes":""},"categories":[111],"tags":[392],"class_list":["post-5584","post","type-post","status-publish","format-standard","has-post-thumbnail","hentry","category-nos-selections","tag-essai"],"_links":{"self":[{"href":"https:\/\/archives.regards.fr\/index.php?rest_route=\/wp\/v2\/posts\/5584","targetHints":{"allow":["GET"]}}],"collection":[{"href":"https:\/\/archives.regards.fr\/index.php?rest_route=\/wp\/v2\/posts"}],"about":[{"href":"https:\/\/archives.regards.fr\/index.php?rest_route=\/wp\/v2\/types\/post"}],"author":[{"embeddable":true,"href":"https:\/\/archives.regards.fr\/index.php?rest_route=\/wp\/v2\/users\/573"}],"replies":[{"embeddable":true,"href":"https:\/\/archives.regards.fr\/index.php?rest_route=%2Fwp%2Fv2%2Fcomments&post=5584"}],"version-history":[{"count":0,"href":"https:\/\/archives.regards.fr\/index.php?rest_route=\/wp\/v2\/posts\/5584\/revisions"}],"wp:featuredmedia":[{"embeddable":true,"href":"https:\/\/archives.regards.fr\/index.php?rest_route=\/wp\/v2\/media\/16732"}],"wp:attachment":[{"href":"https:\/\/archives.regards.fr\/index.php?rest_route=%2Fwp%2Fv2%2Fmedia&parent=5584"}],"wp:term":[{"taxonomy":"category","embeddable":true,"href":"https:\/\/archives.regards.fr\/index.php?rest_route=%2Fwp%2Fv2%2Fcategories&post=5584"},{"taxonomy":"post_tag","embeddable":true,"href":"https:\/\/archives.regards.fr\/index.php?rest_route=%2Fwp%2Fv2%2Ftags&post=5584"}],"curies":[{"name":"wp","href":"https:\/\/api.w.org\/{rel}","templated":true}]}}