{"id":5583,"date":"2012-10-01T18:07:59","date_gmt":"2012-10-01T16:07:59","guid":{"rendered":"https:\/\/wp.muchomaas.com\/yann-moulier-boutang-liberte5583\/"},"modified":"2012-10-01T18:07:59","modified_gmt":"2012-10-01T16:07:59","slug":"yann-moulier-boutang-liberte5583","status":"publish","type":"post","link":"https:\/\/archives.regards.fr\/?p=5583","title":{"rendered":"Yann Moulier Boutang, \u00ab Libert\u00e9 \u00e9galit\u00e9 blabla. Les mythes us\u00e9s de la R\u00e9publique\u00bb (\u00e9d. Autrement, 176 p., 12 \u20ac)"},"content":{"rendered":"<p><em>\u00ab Les mythes politiques peuvent parfois aider \u00e0 pr\u00e9figurer le futur. Ils deviennent terriblement nocifs quand ils ne servent plus que de mus\u00e9e du pass\u00e9. \u00bb<\/em> Dans un ouvrage au titre provocateur, <em>Libert\u00e9 \u00e9galit\u00e9 blabla<\/em>, l\u2019\u00e9conomiste Yann Moulier Boutang, codirecteur de la revue <em>Multitudes<\/em>, sort le bazooka. Avec une ironie et une rage m\u00eal\u00e9es, il d\u00e9cortique les usages et les effets de cette id\u00e9e d\u00e9vitalis\u00e9e qu\u2019est selon lui devenue la R\u00e9publique. Un mot us\u00e9 qu\u2019il ne craint pas de ranger du c\u00f4t\u00e9 des bibelots pour touristes h\u00e9sitant entre une figurine de Marianne ou une tour Eiffel miniature. Damned ! Il n\u2019y va pas de main morte. Si la tendance r\u00e9actionnaire qui s\u2019incarne en Blandine Barret-Kriegel, Alain Finkielkraut ou R\u00e9gis Debray ne trouve pas gr\u00e2ce \u00e0 ses yeux, il conc\u00e8de un certain piquant au verbe d\u2019un Jean-No\u00ebl Jeanneney ou d\u2019un Jean-Luc M\u00e9lenchon. Mais de son point de vue, il est urgent de r\u00e9sister aux sir\u00e8nes r\u00e9publicaines \u2013 m\u00eame s\u00e9duisantes \u2013 de l\u2019\u00e9galit\u00e9, la libert\u00e9, la la\u00efcit\u00e9 ou l\u2019int\u00e9gration \u00ab \u00e0 la fran\u00e7aise \u00bb. Des valeurs fondatrices que l\u2019auteur confronte aux discriminations v\u00e9cues, \u00e0 la surpopulation carc\u00e9rale, \u00e0 la mont\u00e9e des \u00e9carts de salaire\u2026 <em>\u00ab Pour les paroles, les organismes, nous sommes forts, estime-t-il. Mais pour les r\u00e9sultats ? \u00bb<\/em> Le d\u00e9bat est ouvert. <\/p>\n","protected":false},"excerpt":{"rendered":"<p>\u00ab Les mythes politiques peuvent parfois aider \u00e0 pr\u00e9figurer le futur. Ils deviennent terriblement nocifs quand ils ne servent plus que de mus\u00e9e du pass\u00e9. \u00bb Dans un ouvrage au titre provocateur, Libert\u00e9 \u00e9galit\u00e9 blabla, l\u2019\u00e9conomiste Yann Moulier Boutang, codirecteur de la revue Multitudes, sort le bazooka. Avec une ironie et une rage m\u00eal\u00e9es, il [&hellip;]<\/p>\n","protected":false},"author":573,"featured_media":0,"comment_status":"open","ping_status":"open","sticky":false,"template":"","format":"standard","meta":{"_themeisle_gutenberg_block_has_review":false,"footnotes":""},"categories":[111],"tags":[],"class_list":["post-5583","post","type-post","status-publish","format-standard","hentry","category-nos-selections"],"_links":{"self":[{"href":"https:\/\/archives.regards.fr\/index.php?rest_route=\/wp\/v2\/posts\/5583","targetHints":{"allow":["GET"]}}],"collection":[{"href":"https:\/\/archives.regards.fr\/index.php?rest_route=\/wp\/v2\/posts"}],"about":[{"href":"https:\/\/archives.regards.fr\/index.php?rest_route=\/wp\/v2\/types\/post"}],"author":[{"embeddable":true,"href":"https:\/\/archives.regards.fr\/index.php?rest_route=\/wp\/v2\/users\/573"}],"replies":[{"embeddable":true,"href":"https:\/\/archives.regards.fr\/index.php?rest_route=%2Fwp%2Fv2%2Fcomments&post=5583"}],"version-history":[{"count":0,"href":"https:\/\/archives.regards.fr\/index.php?rest_route=\/wp\/v2\/posts\/5583\/revisions"}],"wp:attachment":[{"href":"https:\/\/archives.regards.fr\/index.php?rest_route=%2Fwp%2Fv2%2Fmedia&parent=5583"}],"wp:term":[{"taxonomy":"category","embeddable":true,"href":"https:\/\/archives.regards.fr\/index.php?rest_route=%2Fwp%2Fv2%2Fcategories&post=5583"},{"taxonomy":"post_tag","embeddable":true,"href":"https:\/\/archives.regards.fr\/index.php?rest_route=%2Fwp%2Fv2%2Ftags&post=5583"}],"curies":[{"name":"wp","href":"https:\/\/api.w.org\/{rel}","templated":true}]}}