{"id":5580,"date":"2012-09-28T12:21:47","date_gmt":"2012-09-28T10:21:47","guid":{"rendered":"https:\/\/wp.muchomaas.com\/un-journal-est-un-accessoire-de5580\/"},"modified":"2023-06-23T23:12:05","modified_gmt":"2023-06-23T21:12:05","slug":"un-journal-est-un-accessoire-de5580","status":"publish","type":"post","link":"https:\/\/archives.regards.fr\/?p=5580","title":{"rendered":"\u00ab Un journal est un accessoire de puissance et de standing \u00bb"},"content":{"rendered":"<p class=\"post_excerpt\">Bernard Arnault, qui d\u00e9m\u00e9nage sa r\u00e9sidence fiscale en Belgique, en Une de <em>Lib\u00e9ration<\/em>. Le titre : \u00ab Casse toi, riche con \u00bb. Cette couverture a suscit\u00e9 une temp\u00eate m\u00e9diatique. Quelles sont les relations des milliardaires et de la presse? Jean Stern, auteur des <em>Patrons de la presse nationale<\/em> (\u00e9d. La Fabrique, paru le 15 octobre), r\u00e9pond.<\/p>\n<p><strong>Regards.fr.<\/strong> <em> <strong>Que pensez-vous du traitement journalistique autour de l&#8217;\u00ab affaire Arnault \u00bb?<\/strong> <\/em><\/p>\n<p><strong>Jean Stern. <\/strong> On a \u00e9norm\u00e9ment parl\u00e9 de la Une de <em>Lib\u00e9ration<\/em>, \u00ab Casse-toi, riche con \u00bb, dont on peut discuter la pertinence journalistique et linguistique. Mais en r\u00e9alit\u00e9, lil aurait fallu parler ce jour-l\u00e0 de celle des <em>Echos<\/em> ! C&#8217;est le seul journal national \u00e0 n&#8217;avoir fait aucun \u00e9tat de la nouvelle situation de Bernard Arnault qui demandait l&#8217;exil fiscal en Belgique. Ils en ont parl\u00e9 en quelques lignes le lundi et le mardi, ils ont fait une br\u00e8ve sans citer <em>Lib\u00e9<\/em> pour indiquer qu&#8217;Arnault portait plainte contre un journal qui l&#8217;avait insult\u00e9 publiquement. Or cet homme, qui est le plus riche de France, et m\u00eame d&#8217;Europe, est \u00e9galement propri\u00e9taire des <em>Echos<\/em>. Cette histoire montre bien que le contr\u00f4le des journaux par les milliardaires n&#8217;est pas une vue de l&#8217;esprit.<\/p>\n<p><em> <strong>Le patron de LVMH a r\u00e9cus\u00e9 vouloir changer de r\u00e9sidence fiscale&#8230;<br \/>\n<\/strong><br \/>\n <\/em><\/p>\n<p>Il a dit : \u00ab Je reste citoyen Fran\u00e7ais \u00bb. Bernard Arnault est propri\u00e9taire de nombreuses demeures \u00e0 Paris, dont un h\u00f4tel particulier rue Barbet-de-Jouy, dans le 7\u00e8me arrondissement, dot\u00e9 au sous-sol d&#8217;une piscine olympique de 50 m\u00e8tres. Pour l&#8217;anecdote, il l&#8217;a rachet\u00e9 \u00e0 Betty Lagard\u00e8re, la veuve de Jen-Luc Lagard\u00e8re. S&#8217;il va en Belgique, ce n&#8217;est pas pour y habiter, bien entendu. Mais pour organiser sa succession : le r\u00e9gime patrimonial belge lui est plus favorable de ce point de vue. <em>L&#8217;Echo<\/em>, quotidien belge d&#8217;\u00e9conomie, a sorti de nombreuses r\u00e9v\u00e9lations que la presse fran\u00e7aise a tr\u00e8s peu relay\u00e9 sur un certain nombre de holdings et de soci\u00e9t\u00e9s que Bernard Arnault est en train de cr\u00e9er en Belgique. Il cherche \u00e0 \u00e9viter que ses enfants et ses h\u00e9ritiers ne paient des imp\u00f4ts sur la succession.<\/p>\n<p><em> <strong>Vous parlez de \u00ab satisfaction narcissique \u00bb. Est-ce suffisant pour expliquer le d\u00e9sir de Bernard Arnault d&#8217;investir dans la presse ?<\/strong><br \/>\n <\/em><\/p>\n<p>Comme tous les milliardaires actuels, Arnault s&#8217;est construit avec le concours de l&#8217;Etat et des banques publiques, notamment du Cr\u00e9dit Lyonnais. Ces liens incestueux sont anciens. S&#8217;il a rachet\u00e9 <em>La Tribune<\/em>, ce n&#8217;est pas du tout parce qu&#8217;il s&#8217;int\u00e9ressait \u00e0 ce journal de gauche dirig\u00e9 par un opposant au Trait\u00e9 de Maastricht, Philippe Labarde. Mais pour des raisons fiscales. Le Premier ministre de l&#8217;\u00e9poque, Edoaurd Balladur, craignait la disparition de <em>La Tribune<\/em>, asphyxi\u00e9e financi\u00e8rement par un autre milliardaire \u2013 le Libanais Georges Ghosn \u2013 qui faisait payer des 4&#215;4 par le journal! Finalement, le patron de LVMH se rend compte qu&#8217;\u00eatre propri\u00e9taire de presse, non seulement \u00e7a fait joli dans les salons, mais que c&#8217;est un instrument de puissance. Petit \u00e0 petit, se cr\u00e9e l&#8217;id\u00e9e qu&#8217;un journal est un accessoire de puissance et de standing, comme un yacht, une maison dans le Lub\u00e9ron, un jet priv\u00e9&#8230; Dans le tr\u00e8s petit milieu des clubs et Conseils d&#8217;administration consanguins, les journaux permettent d&#8217;envoyer des \u00ab scuds \u00bb \u00e0 ses rivaux. Arnault et Pinault s&#8217;en sont servis dans la guerre qui les opposait autour du contr\u00f4le de Gucci et des parfums d&#8217;Yves Saint Laurent. Mais le premier va probablement se d\u00e9sengager de la presse dans le courant de l&#8217;ann\u00e9e 2013. La balance est faite, dans sa t\u00eate, entre ce que \u00e7a lui apporte et les ennuis qu&#8217;il r\u00e9colte.<\/p>\n<p><em> <strong>Xavier Niel a un jour d\u00e9clar\u00e9: \u00ab Quand les journalistes m&#8217;emmerdent, je prends une participation dans leur canard et apr\u00e8s ils me foutent la paix \u00bb&#8230;<\/strong> <\/em><\/p>\n<p>Xavier Niel a eu une image sympathique jusqu&#8217;\u00e0 r\u00e9cemment. En r\u00e9alit\u00e9, il est tr\u00e8s pr\u00e9sent, notamment au <em>Monde<\/em> o\u00f9 il appelle certains journalistes, en rencontre d&#8217;autres, en lien presque permanent avec le directeur, Louis Dreyfus. Il assiste \u00e0 tous les conseils de surveillance. C&#8217;est un vrai patron, contrairement \u00e0 Arnault, qui n&#8217;a pas besoin de quotidiens, mais d&#8217;une presse de glamour qui lui permette de valoriser ses marques. Les \u00e9diteurs lui ont facilit\u00e9 la t\u00e2che ces derni\u00e8res ann\u00e9es, avec <em>Le Monde magazine<\/em> du vendredi, <em>Next<\/em> de <em>Lib\u00e9ration<\/em>, <em>Obsession<\/em> du <em>Nouvel Observateur<\/em>, le cahier <em>Style<\/em> de l&#8217;<em>Express<\/em>&#8230; Tous ces supports sont essentiellement con\u00e7us pour accueillir la publicit\u00e9 du luxe, et en particulier de LVMH \u2013 premier consortium de marques de luxe en France.<\/p>\n<p><em> <strong>Vous \u00e9voquez la suppression, par la direction du groupe Prisma, de cinq pages d\u2019un dossier consacr\u00e9 \u00e0 La France sous l\u2019Occupation dans G\u00e9o Histoire. L\u2019article \u00e9voquait les amiti\u00e9s nazies d\u2019Henry Vuitton&#8230;<br \/>\n<\/strong> <\/em><\/p>\n<p>Henry Vuitton avait des accointances avec le nazisme, il a eu la m\u00e9daille des SS. Cette information \u00e9tait tir\u00e9e d&#8217;un livre de St\u00e9phanie Bonicini, <em>Louis Vuitton, une saga fran\u00e7aise<\/em>, qui n&#8217;a donn\u00e9 lieu \u00e0 aucune recension. A ma connaissance, \u00e0 part <em>Le Canard encha\u00een\u00e9<\/em>, les journaux n&#8217;en ont pas parl\u00e9. C&#8217;est pourtant un ouvrage tr\u00e8s s\u00e9rieux qui rend m\u00eame hommage \u00e0 Arnault. L&#8217;ensemble de la presse fran\u00e7aise s&#8217;est autocensur\u00e9e sur le sujet. Paresse, l\u00e2chet\u00e9, faiblesse, pressions&#8230; Les journalistes n&#8217;y sont pas pour rien. Idem, une exposition r\u00e9cente sur Vuitton au mus\u00e9e Carnavalet, qui d\u00e9pend de la Ville de Paris, n&#8217;en a pas touch\u00e9 un mot. L\u00e0, c&#8217;est grave. Je ne mets pas en cause personnellement Christophe Girard, qui \u00e9tait adjoint \u00e0 la Culture, mais force est de constater qu&#8217;il est \u00e0 la fois le \u00ab patron \u00bb de ce mus\u00e9e et l&#8217;un des bras droits de Bernard Arnault. L&#8217;affaire de la Samaritaine est, quant \u00e0 elle, un pur scandale. Ce monument devait devenir un lieu de m\u00e9moire, du logement social, etc. Moyennant quoi, LVMH va y ouvrir un h\u00f4tel de luxe. En \u00e9change de quoi? Un mus\u00e9e, une fondation, une subvention pour le mus\u00e9e Galliera? Toutes les actions de m\u00e9c\u00e9nat que m\u00e8ne Bernard Arnault sont int\u00e9ress\u00e9es.<\/p>\n<p><em> <strong>Comment ces relations entre la presse et les milliardaires ont-elles commenc\u00e9? Quelles en sont les implications \u00e9conomiques ?<\/strong> <\/em><\/p>\n<p>Les socialistes ont laiss\u00e9 la presse tomber dans les mains des milliardaires sans jamais s&#8217;y opposer. Fran\u00e7ois Mitterrand, par ses liens personnels et politiques, par sa strat\u00e9gie, a favoris\u00e9 cette prise de contr\u00f4le qui a commenc\u00e9 au d\u00e9but des ann\u00e9es 80. Aujourd&#8217;hui, nous sommes \u00e0 la fin d&#8217;un cycle. Arnault, Pinault, Dassault, Lagard\u00e8re sont des oligarques qui n&#8217;ont pas de vision de la presse. Ils la maintiennent tout juste hors de l&#8217;eau pour lui \u00e9viter de crever. <em>Lib\u00e9ration<\/em> appartient en partie \u00e0 l&#8217;un des hommes les plus riches de France, or ses journalistes y travaillent beaucoup avec de tous petits moyens. C&#8217;est aussi ce qui va se passer au <em>Monde<\/em>. Le seul journal dans lequel on investit beaucoup, c&#8217;est Le Point. Pinault en a besoin, c&#8217;est sa vitrine. Entre parenth\u00e8se, Air France \u2013 qui repr\u00e9sente 14% des ventes de <em>Lib\u00e9ration<\/em>, 10% des <em>Echos<\/em>, 10% du <em>Figaro<\/em>, 10% du <em>Monde<\/em> \u2013 va probablement arr\u00eater d&#8217;acheter des exemplaires&#8230; Comment les journaux vont-ils s&#8217;en sortir ? D&#8217;autant que l&#8217;\u00e2ge d&#8217;or publicitaire des ann\u00e9es 80-90 est termin\u00e9. Tant que la publicit\u00e9 tombait, on ne se posait pas de question. Les groupes Hachette, Prisma, etc., payaient des salaires extraordinaires. Mais c&#8217;\u00e9tait du leurre : la presse se lisait de moins en moins et l&#8217;Etat omnipr\u00e9sent y mettait des centaines de millions d&#8217;euros en pure perte \u2013 sans jamais demander aux syndicats de r\u00e9fl\u00e9chir \u00e0 des strat\u00e9gies et aux propri\u00e9taires \u00e0 leurs investissements. Si les journaux n&#8217;avaient pas appartenu aux milliardaires, ils auraient \u00e9t\u00e9 peut-\u00eatre plus modestes. C&#8217;\u00e9tait un miroir aux alouettes. On a fait des journaux de plus en plus \u00e9pais pour mettre de plus en plus de pub, donc il a fallu embaucher de plus en plus de Secr\u00e9taires de r\u00e9daction, de maquettistes, de commerciaux&#8230; Sans r\u00e9ellement am\u00e9liorer le contenu! Quand ce syst\u00e8me s&#8217;est effondr\u00e9 dans les ann\u00e9es 2000, \u00e7a a accru la puissance de gens comme Arnault qui ont pu endosser l&#8217;habit de m\u00e9c\u00e8nes.<\/p>\n<p><em> <strong>Faut-il aller chercher d&#8217;autres mod\u00e8les \u00e0 l&#8217;\u00e9tranger?<br \/>\n<\/strong> <\/em><\/p>\n<p>Non, il faut les inventer. L&#8217;exemple de <em>Rue89<\/em> est int\u00e9ressant, l&#8217;\u00e9quipe a su cr\u00e9er une valeur journalistique. Mais c&#8217;\u00e9tait un mod\u00e8le gratuit, or l&#8217;info a un prix qui n&#8217;est pas celui du march\u00e9. Aujourd&#8217;hui, ni la gratuit\u00e9 ni la publicit\u00e9 ne peuvent financer l&#8217;information. Il faut donc inventer des mod\u00e8les qui reposent sur les lecteurs comme <em>Arr\u00eat sur images<\/em> ou <em>Mediapart<\/em>. Sans \u00e7a, la presse va mourir.<div id='gallery-1' class='gallery galleryid-5580 gallery-columns-3 gallery-size-thumbnail'><figure class='gallery-item'>\n\t\t\t<div class='gallery-icon landscape'>\n\t\t\t\t<a href='https:\/\/archives.regards.fr\/wp-content\/uploads\/2012\/09\/sternc-0e8.jpg'><img loading=\"lazy\" decoding=\"async\" width=\"80\" height=\"55\" src=\"https:\/\/archives.regards.fr\/wp-content\/uploads\/2012\/09\/sternc-0e8.jpg\" class=\"attachment-thumbnail size-thumbnail\" alt=\"\u00ab Un journal est un accessoire de puissance et de standing \u00bb\" aria-describedby=\"gallery-1-16722\" \/><\/a>\n\t\t\t<\/div>\n\t\t\t\t<figcaption class='wp-caption-text gallery-caption' id='gallery-1-16722'>\n\t\t\t\t\u00ab Un journal est un accessoire de puissance et de standing \u00bb\n\t\t\t\t<\/figcaption><\/figure>\n\t\t<\/div>\n<\/p>\n","protected":false},"excerpt":{"rendered":"<p>Bernard Arnault, qui d\u00e9m\u00e9nage sa r\u00e9sidence fiscale en Belgique, en Une de <em>Lib\u00e9ration<\/em>. Le titre : \u00ab Casse toi, riche con \u00bb. Cette couverture a suscit\u00e9 une temp\u00eate m\u00e9diatique. Quelles sont les relations des milliardaires et de la presse? Jean Stern, auteur des <em>Patrons de la presse nationale<\/em> (\u00e9d. La Fabrique, paru le 15 octobre), r\u00e9pond.<\/p>\n","protected":false},"author":573,"featured_media":16722,"comment_status":"open","ping_status":"open","sticky":false,"template":"","format":"standard","meta":{"_themeisle_gutenberg_block_has_review":false,"footnotes":""},"categories":[141],"tags":[293,287],"class_list":["post-5580","post","type-post","status-publish","format-standard","has-post-thumbnail","hentry","category-archives-web","tag-entretien","tag-medias"],"_links":{"self":[{"href":"https:\/\/archives.regards.fr\/index.php?rest_route=\/wp\/v2\/posts\/5580","targetHints":{"allow":["GET"]}}],"collection":[{"href":"https:\/\/archives.regards.fr\/index.php?rest_route=\/wp\/v2\/posts"}],"about":[{"href":"https:\/\/archives.regards.fr\/index.php?rest_route=\/wp\/v2\/types\/post"}],"author":[{"embeddable":true,"href":"https:\/\/archives.regards.fr\/index.php?rest_route=\/wp\/v2\/users\/573"}],"replies":[{"embeddable":true,"href":"https:\/\/archives.regards.fr\/index.php?rest_route=%2Fwp%2Fv2%2Fcomments&post=5580"}],"version-history":[{"count":0,"href":"https:\/\/archives.regards.fr\/index.php?rest_route=\/wp\/v2\/posts\/5580\/revisions"}],"wp:featuredmedia":[{"embeddable":true,"href":"https:\/\/archives.regards.fr\/index.php?rest_route=\/wp\/v2\/media\/16722"}],"wp:attachment":[{"href":"https:\/\/archives.regards.fr\/index.php?rest_route=%2Fwp%2Fv2%2Fmedia&parent=5580"}],"wp:term":[{"taxonomy":"category","embeddable":true,"href":"https:\/\/archives.regards.fr\/index.php?rest_route=%2Fwp%2Fv2%2Fcategories&post=5580"},{"taxonomy":"post_tag","embeddable":true,"href":"https:\/\/archives.regards.fr\/index.php?rest_route=%2Fwp%2Fv2%2Ftags&post=5580"}],"curies":[{"name":"wp","href":"https:\/\/api.w.org\/{rel}","templated":true}]}}