{"id":5570,"date":"2012-09-25T09:34:06","date_gmt":"2012-09-25T07:34:06","guid":{"rendered":"https:\/\/wp.muchomaas.com\/les-verts-disent-non5570\/"},"modified":"2023-06-23T23:12:03","modified_gmt":"2023-06-23T21:12:03","slug":"les-verts-disent-non5570","status":"publish","type":"post","link":"https:\/\/archives.regards.fr\/?p=5570","title":{"rendered":"Les Verts disent non"},"content":{"rendered":"<p>Grande premi\u00e8re chez les \u00e9cologistes\u00a0: leur Conseil f\u00e9d\u00e9ral vient de se prononcer contre le \u00ab\u00a0pacte budg\u00e9taire\u00a0\u00bb ou \u00ab\u00a0TSCG\u00a0\u00bb. En f\u00e9vrier 2005, une majorit\u00e9 des adh\u00e9rents des Verts s\u2019\u00e9taient prononc\u00e9s en faveur d\u2019un oui au projet de Trait\u00e9 constitutionnel europ\u00e9en. Cette fois, une nette majorit\u00e9 (les trois quarts) des responsables a d\u00e9cid\u00e9 le refus. Quelques jours auparavant, <a href=\"http:\/\/www.lemonde.fr\/idees\/article\/2012\/09\/19\/non-a-la-dictature-de-l-austerite_1762330_3232.html\">une tribune critique<\/a> cosign\u00e9e dans le Monde par Alain Lipietz et No\u00ebl Mam\u00e8re avait donn\u00e9 le ton. Les arguments des \u00e9cologistes sont sans appel\u00a0: le trait\u00e9 <em>\u00ab\u00a0imposerait aux \u00c9tats membres de la zone euro une rigueur drastique sans vision d\u2019avenir\u00a0\u00bb<\/em>. <em>\u00ab\u00a0Inadapt\u00e9\u00a0\u00bb<\/em>, il serait <em>\u00ab\u00a0un facteur potentiel d\u2019aggravation des troubles\u00a0\u00bb<\/em>.<\/p>\n<p>Les \u00e9cologistes s\u2019engagent donc contre le nouveau trait\u00e9 europ\u00e9en. Ils le font \u00e0 leur mani\u00e8re, reprochant ainsi au trait\u00e9 son manque de f\u00e9d\u00e9ralisme tout autant que sa m\u00e9thode technocratique et son orthodoxie n\u00e9olib\u00e9rale. Ils le combattront, en essayant de concilier leur refus et leur participation maintenue \u00e0 une logique gouvernementale qui va par ailleurs mettre en application la potion d\u2019aust\u00e9rit\u00e9 r\u00e9clam\u00e9e par le trait\u00e9.<br \/>\nIl n\u2019en reste pas moins que les Verts ont choisi de ne pas cautionner une logique mortif\u00e8re, pour l\u2019Europe et pour ses habitants. C\u2019est une excellente nouvelle. Pour aujourd\u2019hui et pour demain.<div id='gallery-1' class='gallery galleryid-5570 gallery-columns-3 gallery-size-thumbnail'><figure class='gallery-item'>\n\t\t\t<div class='gallery-icon landscape'>\n\t\t\t\t<a href='https:\/\/archives.regards.fr\/wp-content\/uploads\/2012\/09\/nons-5e6.jpg'><img loading=\"lazy\" decoding=\"async\" width=\"150\" height=\"150\" src=\"https:\/\/archives.regards.fr\/wp-content\/uploads\/2012\/09\/nons-5e6-150x150.jpg\" class=\"attachment-thumbnail size-thumbnail\" alt=\"Les Verts disent non\" aria-describedby=\"gallery-1-16695\" \/><\/a>\n\t\t\t<\/div>\n\t\t\t\t<figcaption class='wp-caption-text gallery-caption' id='gallery-1-16695'>\n\t\t\t\tLes Verts disent non\n\t\t\t\t<\/figcaption><\/figure><figure class='gallery-item'>\n\t\t\t<div class='gallery-icon landscape'>\n\t\t\t\t<a href='https:\/\/archives.regards.fr\/wp-content\/uploads\/2012\/09\/nonb-03e.jpg'><img loading=\"lazy\" decoding=\"async\" width=\"150\" height=\"122\" src=\"https:\/\/archives.regards.fr\/wp-content\/uploads\/2012\/09\/nonb-03e-150x122.jpg\" class=\"attachment-thumbnail size-thumbnail\" alt=\"Les Verts disent non\" aria-describedby=\"gallery-1-16696\" \/><\/a>\n\t\t\t<\/div>\n\t\t\t\t<figcaption class='wp-caption-text gallery-caption' id='gallery-1-16696'>\n\t\t\t\tLes Verts disent non\n\t\t\t\t<\/figcaption><\/figure>\n\t\t<\/div>\n<\/p>\n","protected":false},"excerpt":{"rendered":"<p>Grande premi\u00e8re chez les \u00e9cologistes\u00a0: leur Conseil f\u00e9d\u00e9ral vient de se prononcer contre le \u00ab\u00a0pacte budg\u00e9taire\u00a0\u00bb ou \u00ab\u00a0TSCG\u00a0\u00bb. En f\u00e9vrier 2005, une majorit\u00e9 des adh\u00e9rents des Verts s\u2019\u00e9taient prononc\u00e9s en faveur d\u2019un oui au projet de Trait\u00e9 constitutionnel europ\u00e9en. Cette fois, une nette majorit\u00e9 (les trois quarts) des responsables a d\u00e9cid\u00e9 le refus. Quelques jours [&hellip;]<\/p>\n","protected":false},"author":328,"featured_media":16695,"comment_status":"open","ping_status":"open","sticky":false,"template":"","format":"standard","meta":{"_themeisle_gutenberg_block_has_review":false,"footnotes":""},"categories":[141],"tags":[352],"class_list":["post-5570","post","type-post","status-publish","format-standard","has-post-thumbnail","hentry","category-archives-web","tag-europe"],"_links":{"self":[{"href":"https:\/\/archives.regards.fr\/index.php?rest_route=\/wp\/v2\/posts\/5570","targetHints":{"allow":["GET"]}}],"collection":[{"href":"https:\/\/archives.regards.fr\/index.php?rest_route=\/wp\/v2\/posts"}],"about":[{"href":"https:\/\/archives.regards.fr\/index.php?rest_route=\/wp\/v2\/types\/post"}],"author":[{"embeddable":true,"href":"https:\/\/archives.regards.fr\/index.php?rest_route=\/wp\/v2\/users\/328"}],"replies":[{"embeddable":true,"href":"https:\/\/archives.regards.fr\/index.php?rest_route=%2Fwp%2Fv2%2Fcomments&post=5570"}],"version-history":[{"count":0,"href":"https:\/\/archives.regards.fr\/index.php?rest_route=\/wp\/v2\/posts\/5570\/revisions"}],"wp:featuredmedia":[{"embeddable":true,"href":"https:\/\/archives.regards.fr\/index.php?rest_route=\/wp\/v2\/media\/16695"}],"wp:attachment":[{"href":"https:\/\/archives.regards.fr\/index.php?rest_route=%2Fwp%2Fv2%2Fmedia&parent=5570"}],"wp:term":[{"taxonomy":"category","embeddable":true,"href":"https:\/\/archives.regards.fr\/index.php?rest_route=%2Fwp%2Fv2%2Fcategories&post=5570"},{"taxonomy":"post_tag","embeddable":true,"href":"https:\/\/archives.regards.fr\/index.php?rest_route=%2Fwp%2Fv2%2Ftags&post=5570"}],"curies":[{"name":"wp","href":"https:\/\/api.w.org\/{rel}","templated":true}]}}