{"id":5567,"date":"2012-09-21T13:10:32","date_gmt":"2012-09-21T11:10:32","guid":{"rendered":"https:\/\/wp.muchomaas.com\/monde-arabe-retour-sur-une-poussee5567\/"},"modified":"2023-06-23T23:12:02","modified_gmt":"2023-06-23T21:12:02","slug":"monde-arabe-retour-sur-une-poussee5567","status":"publish","type":"post","link":"https:\/\/archives.regards.fr\/?p=5567","title":{"rendered":"Monde arabe, retour sur une pouss\u00e9e de fi\u00e8vre"},"content":{"rendered":"<p class=\"post_excerpt\">Beaucoup d&#8217;encre a coul\u00e9 ces derniers jours suite \u00e0 la flamb\u00e9e de col\u00e8re et de violence qui a secou\u00e9 le monde arabe. Une s\u00e9lection subjective pour tenter d&#8217;y voir plus clair.<\/p>\n<p><strong>D\u00e9bats.<\/strong> Un ambassadeur am\u00e9ricain tu\u00e9 en Lybie, un attentat meurtrier \u00e0 Kaboul, des manifestations antiam\u00e9ricaines dans toutes les capitales arabes, causant plusieurs morts, des tensions jusqu&#8217;\u00e0 Paris, des m\u00e9dias en \u00e9bullition dans le monde entier&#8230; Comment un objet tel que <em><a href=\"http:\/\/www.youtube.com\/watch?v=MAiOEV0v2RM\">Innocence of Muslims<\/a><\/em>, pamphlet film\u00e9, ordurier, grotesque  et grossier, qui ne m\u00e9rite m\u00eame pas le nom de navet, a-t-il pu entra\u00eener un tel d\u00e9cha\u00eenement de violence?<\/p>\n<p>Tout d&#8217;abord, notons que c&#8217;est pr\u00e9cis\u00e9ment son objectif: ce br\u00fblot qui, d&#8217;apr\u00e8s les infos disponibles, existait d\u00e9j\u00e0 depuis quelques mois sur YouTube mais a tr\u00e8s opportun\u00e9ment fait surface au moment de la date anniversaire du 11 septembre a pour seul objet de d\u00e9grader l&#8217;Islam et les musulmans. Il aurait \u00e9t\u00e9 &#8220;r\u00e9alis\u00e9&#8221; et produit par un certain Nakoula Basseley Nakoula, copte install\u00e9 en Californie, ayant eu maille \u00e0 partir en 2009 avec la justice am\u00e9ricaine pour des affaires d&#8217;escroquerie. A priori, cet homme, d\u00e9sormais sous protection de la police, n&#8217;est li\u00e9 \u00e0 aucune organisation et ne repr\u00e9sente que lui m\u00eame. Dans <a href=\"http:\/\/www.lemonde.fr\/afrique\/article\/2012\/09\/13\/zones-d-ombre-et-revelations-d-une-traque-autour-de-sam-bacile_1759853_3212.html\">son entourage<\/a> appara\u00eet un certain Steve Klein, chr\u00e9tien d&#8217;extr\u00eame-droite. <\/p>\n<h2>Une col\u00e8re persistante<\/h2>\n<p>Production mis\u00e9rable et commanditaires minables, il s&#8217;agit tr\u00e8s typiquement d&#8217;un objet qui ne m\u00e9rite que le plus profond m\u00e9pris. De prime abord, les r\u00e9actions observ\u00e9es dans des capitales du monde arabe, avec plusieurs morts \u00e0 la clef, peuvent donc sembler pour le moins inappropri\u00e9es. Sauf qu&#8217;\u00e0 se focaliser sur le lien existant entre les deux \u00e9v\u00e8nements (un mauvais film et des manifestations violentes), on perd le fil de ce \u00e0 quoi il faut r\u00e9ellement pr\u00eater attention. Comme l&#8217;a dit la politologue, journaliste et militante <strong>Nahla Chahal<\/strong> lors d&#8217;un d\u00e9bat mardi soir dans <a href=\"http:\/\/www.youtube.com\/watch?v=AXLWh-DxDkA&#038;feature=share\">l&#8217;\u00e9mission de Fr\u00e9d\u00e9ric Tadd\u00e9i<\/a>, \u00ab<em>le film n&#8217;a aucune importance<\/em>\u00bb. Il a surtout servi de catalyseur \u00e0 cette \u00ab<em>col\u00e8re qui couve<\/em>\u00bb dans le monde arabe \u00e0 l&#8217;\u00e9gard de l&#8217;Occident. Une col\u00e8re persistante. <\/p>\n<p>Vingt ans apr\u00e8s la guerre en Irak, onze ans apr\u00e8s le 11 septembre 2001 et les guerres qui s&#8217;en sont suivies en Afghanistan (o\u00f9 interviennent toujours des troupes am\u00e9ricaines et europ\u00e9ennes) et en Irak, alors que la question de Palestine n&#8217;est toujours pas r\u00e9gl\u00e9e et continue de s&#8217;aggraver en d\u00e9faveur des palestiniens et au b\u00e9n\u00e9fice des isra\u00e9liens alli\u00e9s des Etats-Unis, le contentieux reste lourd. Et ce n&#8217;est pas <a href=\"http:\/\/www.america.gov\/st\/peacesec-french\/2009\/June\/20090604162956eaifas0.5829126.html\">un discours du Caire<\/a> tous les cinq ans, aussi bienvenu soit-il, qui suffira \u00e0 inverser la tendance.<br \/>\nD&#8217;autant moins qu&#8217;entre temps, les r\u00e9volutions arabes ont surgi sur le devant de la sc\u00e8ne mondiale r\u00e9v\u00e9lant tout \u00e0 la fois l&#8217;aspiration profonde et radicale des peuples de la r\u00e9gion au renouveau (d\u00e9mocratique, politique, soci\u00e9tal&#8230;); les responsabilit\u00e9s historiques des puissances occidentales dans la long\u00e9vit\u00e9 des tyrans d\u00e9chus; l&#8217;attitude toujours empreinte de post-colonialisme et d&#8217;opportunisme de ces m\u00eames puissances qui continuent d&#8217;agir dans la r\u00e9gion sur un deux poids deux mesures ob\u00e9issant d&#8217;abord \u00e0 un agenda strat\u00e9gique. Lire \u00e0 ce sujet: \u00ab<a href=\"http:\/\/www.affaires-strategiques.info\/spip.php?article4899\">L\u2019Occident et le\u00a0\u201cprintemps arabe\u201d\u00a0: un choix entre Realpolitik et D\u00e9mocratie\u00bb<\/a>&#8220;, d&#8217;<strong>Aymane Chaouki<\/strong>, publi\u00e9 le 31 mars 2011.<\/p>\n<h2><em>Charlie<\/em> prend ses responsabilit\u00e9s<\/h2>\n<p>Contrairement \u00e0 ce que pr\u00e9tend le r\u00e9dacteur en chef de <em>Charlie Hebdo<\/em>, <strong>Charb<\/strong>, il y a donc bien un contexte mondial pour le moins d\u00e9favorable, euph\u00e9misme, \u00e0 une relation apais\u00e9e entre Orient et Occident. Un contexte dans lequel chacun doit prendre et assumer ses responsabilit\u00e9s. C&#8217;est ce qu&#8217;a fait <em>Charlie-Hebdo<\/em>: dans ce moment tr\u00e8s volatile o\u00f9 les tensions s&#8217;exacerbent de Tripoli a Sanaa sur des mots d&#8217;ordres anti-occidentaux, l&#8217;hebdo a choisi de publier de nouvelles caricatures ridiculisant les musulmans et leur proph\u00e8te. C&#8217;est bien entendu la libert\u00e9 d&#8217;expression dont, comme chacun ne peut plus l&#8217;ignorer, <em>Charlie<\/em> est le porte-drapeau h\u00e9ro\u00efque. Et tant pis si leur humour a parfois un \u00e9trange arri\u00e8re-go\u00fbt comme l&#8217;a relev\u00e9 <a href=\"http:\/\/www.bakchich.info\/medias\/2012\/09\/20\/quand-charlie-hebdo-fait-de-lhumour-61700\"><strong>S\u00e9bastien Fontenelle<\/strong> sur Backchich<\/a>. Ils ont prouv\u00e9 une fois de plus qu&#8217;ils ont le sens des affaires et qu&#8217;ils sont attach\u00e9s \u00e0 leur mission civilisatrice. Il est vrai que cet hebdo d&#8217;origine libertaire, aujourd&#8217;hui prot\u00e9g\u00e9 par la police, <a href=\"http:\/\/tempsreel.nouvelobs.com\/societe\/20120919.FAP8538\/caricatures-dans-charlie-hebdo-marine-le-pen-defend-la-liberte-d-expression.html\">soutenu par Marine Le Pen<\/a> et dont l&#8217;ex-patron s&#8217;est retrouv\u00e9 \u00e0 la t\u00eate de France-Inter par le fait d&#8217;un prince tr\u00e8s droitier, n&#8217;en est plus \u00e0 une contradiction majeure pr\u00e8s. <\/p>\n<p>Prendre ses responsabilit\u00e9s, c&#8217;est aussi ce qu&#8217;ont fait tous ceux qui ont tir\u00e9 <em>Innocence of muslims<\/em> des oubliettes de YouTube auquel il semblait vou\u00e9. Avec, bien \u00e9videmment, la volont\u00e9 de mettre de l&#8217;huile sur le feu.<br \/>\nQui sont-ils? Les salafistes a-t-on entendu aussit\u00f4t. Qui sont les salafistes? Une <a href=\"http:\/\/www.monde-diplomatique.fr\/2008\/02\/KRISTIANASEN\/15574\">d\u00e9finition<\/a> de <strong>Wendy Kristianasen<\/strong>, et une approche moins attendue \u00e0 travers cet int\u00e9ressant travail de <strong>la journaliste Claude Guibal<\/strong>, avec un \u00e9clairage du chercheur <strong>St\u00e9phane Lacroix<\/strong>: <a href=\"http:\/\/www.franceculture.fr\/player\/reecouter?play=4461509\">&#8220;Femmes: la face cach\u00e9e du salafisme&#8221;<\/a>, diffus\u00e9 le 12 ao\u00fbt dernier sur France Culture.<br \/>\nSi il para\u00eet \u00e9vident que certains d&#8217;entre eux n&#8217;ont pas h\u00e9sit\u00e9 \u00e0 surench\u00e9rir, la seule r\u00e9ponse &#8220;salafiste&#8221; est loin d&#8217;\u00eatre suffisante. Ainsi en France, \u00ab<em>la manifestation devant l&#8217;ambassade des Etats-Unis n&#8217;\u00e9tait pas le fait de salafistes<\/em>\u00bb, <a href=\"http:\/\/www.lemonde.fr\/ameriques\/article\/2012\/09\/17\/la-manifestation-devant-l-ambassade-des-etats-unis-n-etait-pas-le-fait-de-salafistes_1761215_3222.html\">explique <strong>Samir Amghar<\/strong><\/a>,\u00a0membre de l&#8217;Institut d&#8217;\u00e9tudes de l&#8217;islam et des soci\u00e9t\u00e9s du monde musulman \u00e0 Paris (IISMM-EHESS), sp\u00e9cialis\u00e9 sur l&#8217;islamisme en Europe.<br \/>\nDe m\u00eame dans les capitales arabes: \u00ab<em>Cette semaine, ce n&#8217;\u00e9tait pas de l&#8217;antiam\u00e9ricanisme qu&#8217;on a vu en direct dans ses formes les plus sauvages devant l&#8217;ambassade am\u00e9ricaine, mais plut\u00f4t la d\u00e9tresse d&#8217;une jeunesse en pleine implosion sociale.<\/em>\u00bb note <strong>Khalil B\u00e9hi<\/strong>, m\u00e9decin et blogueur tunisien (<a href=\"http:\/\/leplus.nouvelobs.com\/contribution\/626928-ambassade-us-attaquee-en-tunisie-non-tous-les-manifestants-ne-sont-pas-salafistes.html\">&#8220;Ambassade US attaqu\u00e9e en Tunisie : non, tous les manifestants ne sont pas salafistes&#8221;<\/a>)<\/p>\n<h2>Une s\u00e9quence violente<\/h2>\n<p>A Paris comme \u00e0 Tunis, nombre de ceux qui ont manifest\u00e9, brul\u00e9 des drapeaux am\u00e9ricains, mis \u00e0 sac des repr\u00e9sentations occidentales ne sont ni des militants religieux radicaux, ni des activistes d&#8217;Al-Qaeda. Mais, pour partie, des jeunes arabes qui ont profit\u00e9 de l&#8217;occasion pour exprimer leur col\u00e8re, voire leur haine, vis-\u00e0-vis d&#8217;un Occident qui, consid\u00e8rent-ils, les m\u00e9prise et les humilie. La confusion, bien s\u00fbr, est totale. Mais, on l&#8217;a vu, elle s&#8217;enracine dans l&#8217;histoire r\u00e9cente. Et se nourrit aussi probablement encore du d\u00e9sarroi d&#8217;une situation \u00e9conomique et sociale qui, malgr\u00e9 les promesses des r\u00e9volutions, tarde \u00e0 s&#8217;am\u00e9liorer. \u00ab(&#8230;) <em>changer l\u2019Egypte, instaurer un r\u00e9gime d\u00e9mocratique stable, r\u00e9nover les  structures de l\u2019Etat, impulser le d\u00e9veloppement \u00e9conomique, assurer la justice sociale, demande du temps, des efforts, des luttes continues.<\/em>\u00bb, \u00e9crivait <strong>Alain Gresh<\/strong> sur son blog le 10 septembre dans un billet intitul\u00e9 <a href=\"http:\/\/blog.mondediplo.net\/2012-09-10-La-revolution-en-Egypte-est-elle-finie\">\u00abLa r\u00e9volution egyptienne est-elle finie?\u00bb<\/a>. Avant de rappeler qu&#8217;en Am\u00e9rique latine \u00ab<em>des r\u00e9gimes d\u00e9mocratiques se sont petit \u00e0 petit mis en place, mais il a fallu encore dix ou vingt\u00a0ans pour que des mouvements populaires instaurent des politiques plus favorables aux couches les plus pauvres<\/em>\u00bb. <\/p>\n<p>De fait, les &#8220;r\u00e9volutions arabes&#8221; loin d&#8217;\u00eatre abouties, ne sont qu&#8217;au d\u00e9but d&#8217;un processus encore charg\u00e9 d&#8217;incertitudes. Ce qui se passe depuis une dizaine de jours en est une s\u00e9quence. Violente, mais qui sera suivie d&#8217;autres.<br \/>\nEn attendant, il n&#8217;est pas inutile de relever que, \u00e0 Tunis et au Caire notamment, tous ceux qui ont violemment manifest\u00e9, salafistes ou pas, ont eu maille \u00e0 partir avec les forces de l&#8217;ordre de leur pays d\u00e9sormais dirig\u00e9s par&#8230; des islamistes. Voil\u00e0 une confrontation que n&#8217;avaient pas envisag\u00e9 tous ceux qui depuis le d\u00e9but du printemps arabe mettent en garde contre la mont\u00e9e d&#8217;un p\u00e9ril islamiste global. Comme nous l&#8217;avons \u00e9crit \u00e0 de multiples reprises dans <strong> <em>Regards<\/em> <\/strong> depuis deux ans (voir r\u00e9f\u00e9rences d&#8217;articles en encadr\u00e9), les forces se r\u00e9clamant de l&#8217;islam politique au sein du monde arabe sont diverses, l&#8217;arc allant, grosso modo, des lib\u00e9raux mod\u00e9r\u00e9s de l&#8217;AKP au pouvoir en Turquie aux extr\u00eamistes talibans d&#8217;Afghanistan. <\/p>\n<p>En Egypte et en Tunisie, les islamistes sont parvenus au pouvoir au terme de scrutins valides et jusqu&#8217;\u00e0 ce jour semblent jouer le jeu d\u00e9mocratique. En Tunisie, ils exercent ce pouvoir avec <strong>Moncef Marzouki<\/strong>, un pr\u00e9sident issu de l&#8217;opposition de gauche au r\u00e9gime de Ben Ali. Ce n&#8217;est pas sans tensions, mais cela avance. En Egypte, <strong>Mohamed Morsi<\/strong> a \u00e9cart\u00e9 les militaires du pouvoir, ce qui n&#8217;est pas rien. Quoi que l&#8217;on pense de leur programme, ces forces et ces individus sont eux aussi en train de prendre leurs responsabilit\u00e9s. Et ce dans un contexte politique pour le moins agit\u00e9: pris entre des mouvements islamistes radicaux qui se saisissent de la moindre occasion pour durcir le jeu (encore r\u00e9cemment <a href=\"http:\/\/www.rfi.fr\/afrique\/20120817-tunisie-art-culture-premiere-cible-salafistes\">en Tunisie autour des manifestations artistiques<\/a>), des populations, notamment la jeunesse, impatientes et frustr\u00e9es, et des &#8220;observateurs&#8221; \u00e9trangers extr\u00eamement &#8220;vigilants&#8221; (\u00e9ditocrates et caricaturistes fran\u00e7ais en t\u00eate).<\/p>\n<p>Quelle suite au r\u00e9volutions arabes? Quelle \u00e9volution des forces politiques islamistes parvenues au pouvoir? Quelle recomposition des relations entre le monde occidental et le monde arabe? Pour aller au-del\u00e0 de la pouss\u00e9e de fi\u00e8vre actuelle, quelques textes nous donnent l&#8217;occasion de prendre un peu de champ:<br \/>\n<a href=\"http:\/\/www.mediapart.fr\/journal\/international\/020912\/yemen-jordanie-bahrein-ou-en-sont-les-revolutions\">Y\u00e9men, Jordanie, Bahre\u00efn: o\u00f9 en sont les r\u00e9volutions?<\/a> (sur M\u00e9diapart, r\u00e9serv\u00e9 aux abonn\u00e9s); <a href=\"http:\/\/ifpo.hypotheses.org\/4029\">&#8220;Apr\u00e8s les \u00ab printemps \u00bb : quel avenir pour \u00ab l\u2019islamisme \u00bb ?&#8221;<\/a>, \u00e9crit le 23 juillet 2012 par <strong>Fran\u00e7ois Burgat<\/strong>, directeur \u00e0 Beyrouth de l&#8217;Institut fran\u00e7ais du Proche-Orient (IFPO);  et <a href=\"http:\/\/www.iris-france.org\/docs\/kfm_docs\/docs\/obs-monde-arabe\/2012-09-11-une-necessaire-relecture-du-printemps-arabe.pdf\">&#8220;Une n\u00e9cessaire relecture du printemps arabe&#8221;<\/a>, un entretien avec <strong>Barah Mika\u00efl<\/strong>, directeur de recherche sur l\u2019Afrique du Nord et le Moyen\u2010Orient \u00e0 la FRIDE, centre de recherche europ\u00e9en base a Madrid, men\u00e9 par <strong>B\u00e9ligh Nabli<\/strong>, directeur de recherche a l\u2019IRIS, o\u00f9 il dirige l\u2019Observatoire des mutations politiques dans le Monde arabe.<\/p>\n<div id='gallery-1' class='gallery galleryid-5567 gallery-columns-3 gallery-size-thumbnail'><figure class='gallery-item'>\n\t\t\t<div class='gallery-icon landscape'>\n\t\t\t\t<a href='https:\/\/archives.regards.fr\/wp-content\/uploads\/2012\/09\/innocenceofmuslim-2c5.jpg'><img loading=\"lazy\" decoding=\"async\" width=\"150\" height=\"150\" src=\"https:\/\/archives.regards.fr\/wp-content\/uploads\/2012\/09\/innocenceofmuslim-2c5-150x150.jpg\" class=\"attachment-thumbnail size-thumbnail\" alt=\"innocenceofmuslim.jpg\" \/><\/a>\n\t\t\t<\/div><\/figure>\n\t\t<\/div>\n\n","protected":false},"excerpt":{"rendered":"<p>Beaucoup d&#8217;encre a coul\u00e9 ces derniers jours suite \u00e0 la flamb\u00e9e de col\u00e8re et de violence qui a secou\u00e9 le monde arabe. Une s\u00e9lection subjective pour tenter d&#8217;y voir plus clair.<\/p>\n","protected":false},"author":558,"featured_media":16691,"comment_status":"open","ping_status":"open","sticky":false,"template":"","format":"standard","meta":{"_themeisle_gutenberg_block_has_review":false,"footnotes":""},"categories":[141],"tags":[],"class_list":["post-5567","post","type-post","status-publish","format-standard","has-post-thumbnail","hentry","category-archives-web"],"_links":{"self":[{"href":"https:\/\/archives.regards.fr\/index.php?rest_route=\/wp\/v2\/posts\/5567","targetHints":{"allow":["GET"]}}],"collection":[{"href":"https:\/\/archives.regards.fr\/index.php?rest_route=\/wp\/v2\/posts"}],"about":[{"href":"https:\/\/archives.regards.fr\/index.php?rest_route=\/wp\/v2\/types\/post"}],"author":[{"embeddable":true,"href":"https:\/\/archives.regards.fr\/index.php?rest_route=\/wp\/v2\/users\/558"}],"replies":[{"embeddable":true,"href":"https:\/\/archives.regards.fr\/index.php?rest_route=%2Fwp%2Fv2%2Fcomments&post=5567"}],"version-history":[{"count":0,"href":"https:\/\/archives.regards.fr\/index.php?rest_route=\/wp\/v2\/posts\/5567\/revisions"}],"wp:featuredmedia":[{"embeddable":true,"href":"https:\/\/archives.regards.fr\/index.php?rest_route=\/wp\/v2\/media\/16691"}],"wp:attachment":[{"href":"https:\/\/archives.regards.fr\/index.php?rest_route=%2Fwp%2Fv2%2Fmedia&parent=5567"}],"wp:term":[{"taxonomy":"category","embeddable":true,"href":"https:\/\/archives.regards.fr\/index.php?rest_route=%2Fwp%2Fv2%2Fcategories&post=5567"},{"taxonomy":"post_tag","embeddable":true,"href":"https:\/\/archives.regards.fr\/index.php?rest_route=%2Fwp%2Fv2%2Ftags&post=5567"}],"curies":[{"name":"wp","href":"https:\/\/api.w.org\/{rel}","templated":true}]}}