{"id":5564,"date":"2012-09-19T19:58:29","date_gmt":"2012-09-19T17:58:29","guid":{"rendered":"https:\/\/wp.muchomaas.com\/pflimlin-a-la-manoeuvre5564\/"},"modified":"2023-06-23T23:12:02","modified_gmt":"2023-06-23T21:12:02","slug":"pflimlin-a-la-manoeuvre5564","status":"publish","type":"post","link":"https:\/\/archives.regards.fr\/?p=5564","title":{"rendered":"France t\u00e9l\u00e9visions: Pflimlin \u00e0 la manoeuvre?"},"content":{"rendered":"<p class=\"post_excerpt\">Les r\u00e9centes annonces du PDG de France t\u00e9l\u00e9visions soul\u00e8vent l&#8217;inqui\u00e9tude des salari\u00e9s de France 2 et France 3. Plan social et fusion sont bel et bien au programme. M\u00eame si l&#8217;agenda choisi pour remettre le sujet sur le feu n&#8217;est pas innocent.<\/p>\n<p><strong>Mobilisations<\/strong>. Les salari\u00e9s de France-T\u00e9l\u00e9vision sont-ils fond\u00e9s \u00e0 s&#8217;inqui\u00e9ter sur leur avenir? A priori, oui. Le 11 septembre dernier, \u00e0 l&#8217;issue d&#8217;un Comit\u00e9 central d&#8217;entreprise (CCE), <a href=\"http:\/\/www.lemonde.fr\/actualite-medias\/article\/2012\/09\/12\/un-plan-social-plus-important-que-prevu-chez-france-televisions_1759053_3236.html\">le PDG R\u00e9my Pflimlin s&#8217;est livr\u00e9 \u00e0 quelques annonces alarmantes<\/a>. En gros, il s&#8217;agit de tr\u00e8s substantielles baisse des recettes publicitaires et des aides publiques. Qui, selon les syndicats, servent \u00e0 justifier un plan social qui pourrait aller \u00ab <em>bien au-del\u00e0 des 500 d\u00e9parts pr\u00e9vus d&#8217;ici 2015<\/em> \u00bb.<br \/>\n\u00ab<em>France T\u00e9l\u00e9visions est victime d&#8217;une strat\u00e9gie d\u00e9lib\u00e9r\u00e9e d&#8217;asphyxie financi\u00e8re. Cela a commenc\u00e9 avec la suppression de la publicit\u00e9 (dont la compensation va tr\u00e8s certainement \u00eatre censur\u00e9e par Bruxelles) et cela se poursuit avec le gel des dotations budg\u00e9taires de l&#8217;Etat actionnaire<\/em>\u00bb, \u00e9crit le Syndicat national des journalistes (SNJ)-CGT avant de d\u00e9noncer: \u00ab<em>Quand on veut justifier un plan social, on cr\u00e9e un d\u00e9ficit.<\/em>\u00bb [[&#8220;Appel \u00e0 la mobilisation unitaire Sauvons France t\u00e9l\u00e9visions!&#8221;, communiqu\u00e9 du 13 septembre du Syndicat national de Radiodiffusion et de t\u00e9l\u00e9vision (SNRT)-CGT et du SNJ-CGT.]]<\/p>\n<p>La perspective confirm\u00e9e de \u00ab<em>la fusion des r\u00e9dactions nationales<\/em>\u00bb provoque \u00e9galement des remous c\u00f4t\u00e9 syndical. \u00ab<em>Cela concerne surtout les r\u00e9dactions nationales de France 2 et de France 3<\/em>, explique Robert Papin, journaliste \u00e0 la r\u00e9daction de France 3 Provence-Alpes et d\u00e9l\u00e9gu\u00e9 du personnel CGT [[Les antennes r\u00e9gionales de France 3 sont d\u00e9sormais regroup\u00e9es en 5 p\u00f4les g\u00e9ographiques distincts. France 3 Provence-Alpes est rattach\u00e9 au p\u00f4le Sud-est (environ 1300 salari\u00e9s sur Lyon, Clermont, Grenoble, Antibes-Nice et Marseille). La r\u00e9daction compte 58 journalistes sur un total d&#8217;environ 200 salari\u00e9s r\u00e9partis sur les r\u00e9dactions de Marseille, Toulon, Avignon, Gap et Digne les Bains.]]. <em>Pour l&#8217;instant, les antennes r\u00e9gionales ne sont pas \u00e9voqu\u00e9es mais on sait bien que l&#8217;on \u00e9chappera pas \u00e0 la baisse des moyens. On ne sait pas encore comment cela va se traduire concr\u00e8tement mais depuis quelques ann\u00e9es d\u00e9j\u00e0, les d\u00e9parts \u00e0 la retraite ne sont plus remplac\u00e9s<\/em>\u00bb.<\/p>\n<p>Install\u00e9 \u00e0 la t\u00eate de France-T\u00e9l\u00e9visions, depuis le 23 ao\u00fbt 2010, R\u00e9my Pflimlin avait \u00e9t\u00e9 &#8220;propos\u00e9&#8221; en juillet pr\u00e9c\u00e9dent par Nicolas Sarkozy avant que cette proposition ne soit avalis\u00e9e par le CSA et deux commissions parlementaires. Depuis, Sarkozy a quitt\u00e9 l&#8217;Elys\u00e9e et on veut croire c\u00f4t\u00e9 syndical au&#8230; changement: \u00ab<em>La nouvelle majorit\u00e9 n&#8217;a pas \u00e9t\u00e9 \u00e9lue pour mettre en \u0153uvre une politique de casse sociale et de mise \u00e0 mal du service public de t\u00e9l\u00e9vision<\/em>\u00bb, estime le SNJ-CGT. Ce qui, dans la bouche de Robert Papin donne: \u00ab<em>Je pense qu&#8217;il faut prendre du recul par rapport \u00e0 cette annonce: elle a \u00e9t\u00e9 faite par le PDG, il faudrait maintenant savoir ce qu&#8217;en pense sa tutelle du minist\u00e8re de la Culture. Il n&#8217;est pas s\u00fbr qu&#8217;elle ait forc\u00e9ment envie de conserver \u00e0 la t\u00eate de France t\u00e9l\u00e9visions cet homme nomm\u00e9 par l&#8217;ancien pr\u00e9sident. Il est donc urgent d&#8217;attendre&#8230;<\/em>\u00bb<\/p>\n<p>En l&#8217;occurrence, France t\u00e9l\u00e9visions est sous la co-tutelle des minist\u00e8re du budget et de la Culture. On se souvient de la passe d&#8217;arme, fin ao\u00fbt, entre J\u00e9r\u00f4me Cahuzac et Aur\u00e9lie Filippetti au sujet du r\u00e9tablissement de la publicit\u00e9, souhait\u00e9 par le premier au contraire de la seconde. Plus que le fond du d\u00e9bat qui est pourtant loin d&#8217;\u00eatre tranch\u00e9 (la suppression de la publicit\u00e9, est-ce bon ou mauvais pour le service public audiovisuel?), c&#8217;est la controverse entre les deux ministres qui a fait les choux gras de la presse pendant quelques jours. Le type m\u00eame d&#8217;\u00e9cran de fum\u00e9e dont se m\u00e9fie aujourd&#8217;hui le syndicaliste de France 3 Provence-Alpes: \u00ab<em>On est en train, \u00e0 France t\u00e9l\u00e9visions, de ren\u00e9gocier les conventions collectives des techniciens, administratifs et journalistes et la signature approche, notamment pour les journalistes<\/em>, r\u00e9v\u00e8le Robert Papin. <em>On ne peut donc pas exclure la possibilit\u00e9 que ces annonces de Pfimlin rel\u00e8vent d&#8217;une strat\u00e9gie pour d\u00e9tourner l&#8217;attention des salari\u00e9s. Peut-\u00eatre qu&#8217;il a voulu allumer un contrefeu pour que les syndicats se mobilisent sur ces propos et d\u00e9laissent un peu cet enjeu actuel&#8230;<\/em>\u00bb<\/p>\n<div id='gallery-1' class='gallery galleryid-5564 gallery-columns-3 gallery-size-thumbnail'><figure class='gallery-item'>\n\t\t\t<div class='gallery-icon landscape'>\n\t\t\t\t<a href='https:\/\/archives.regards.fr\/wp-content\/uploads\/2012\/09\/fts-0c6.jpg'><img loading=\"lazy\" decoding=\"async\" width=\"150\" height=\"150\" src=\"https:\/\/archives.regards.fr\/wp-content\/uploads\/2012\/09\/fts-0c6-150x150.jpg\" class=\"attachment-thumbnail size-thumbnail\" alt=\"France t\u00e9l\u00e9visions: Pflimlin \u00e0 la manoeuvre?\" aria-describedby=\"gallery-1-16683\" \/><\/a>\n\t\t\t<\/div>\n\t\t\t\t<figcaption class='wp-caption-text gallery-caption' id='gallery-1-16683'>\n\t\t\t\tFrance t\u00e9l\u00e9visions: Pflimlin \u00e0 la manoeuvre?\n\t\t\t\t<\/figcaption><\/figure><figure class='gallery-item'>\n\t\t\t<div class='gallery-icon landscape'>\n\t\t\t\t<a href='https:\/\/archives.regards.fr\/wp-content\/uploads\/2012\/09\/ftb-51e.jpg'><img loading=\"lazy\" decoding=\"async\" width=\"150\" height=\"122\" src=\"https:\/\/archives.regards.fr\/wp-content\/uploads\/2012\/09\/ftb-51e-150x122.jpg\" class=\"attachment-thumbnail size-thumbnail\" alt=\"France t\u00e9l\u00e9visions: Pflimlin \u00e0 la manoeuvre?\" aria-describedby=\"gallery-1-16684\" \/><\/a>\n\t\t\t<\/div>\n\t\t\t\t<figcaption class='wp-caption-text gallery-caption' id='gallery-1-16684'>\n\t\t\t\tFrance t\u00e9l\u00e9visions: Pflimlin \u00e0 la manoeuvre?\n\t\t\t\t<\/figcaption><\/figure><figure class='gallery-item'>\n\t\t\t<div class='gallery-icon landscape'>\n\t\t\t\t<a href='https:\/\/archives.regards.fr\/wp-content\/uploads\/2012\/09\/ftc-6c8.jpg'><img loading=\"lazy\" decoding=\"async\" width=\"80\" height=\"55\" src=\"https:\/\/archives.regards.fr\/wp-content\/uploads\/2012\/09\/ftc-6c8.jpg\" class=\"attachment-thumbnail size-thumbnail\" alt=\"France t\u00e9l\u00e9visions: Pflimlin \u00e0 la manoeuvre?\" aria-describedby=\"gallery-1-16685\" \/><\/a>\n\t\t\t<\/div>\n\t\t\t\t<figcaption class='wp-caption-text gallery-caption' id='gallery-1-16685'>\n\t\t\t\tFrance t\u00e9l\u00e9visions: Pflimlin \u00e0 la manoeuvre?\n\t\t\t\t<\/figcaption><\/figure><figure class='gallery-item'>\n\t\t\t<div class='gallery-icon landscape'>\n\t\t\t\t<a href='https:\/\/archives.regards.fr\/wp-content\/uploads\/2012\/09\/ft-a16.jpg'><img loading=\"lazy\" decoding=\"async\" width=\"150\" height=\"150\" src=\"https:\/\/archives.regards.fr\/wp-content\/uploads\/2012\/09\/ft-a16-150x150.jpg\" class=\"attachment-thumbnail size-thumbnail\" alt=\"ft.jpg\" \/><\/a>\n\t\t\t<\/div><\/figure>\n\t\t<\/div>\n\n","protected":false},"excerpt":{"rendered":"<p>Les r\u00e9centes annonces du PDG de France t\u00e9l\u00e9visions soul\u00e8vent l&#8217;inqui\u00e9tude des salari\u00e9s de France 2 et France 3. Plan social et fusion sont bel et bien au programme. M\u00eame si l&#8217;agenda choisi pour remettre le sujet sur le feu n&#8217;est pas innocent.<\/p>\n","protected":false},"author":558,"featured_media":16683,"comment_status":"open","ping_status":"open","sticky":false,"template":"","format":"standard","meta":{"_themeisle_gutenberg_block_has_review":false,"footnotes":""},"categories":[141],"tags":[],"class_list":["post-5564","post","type-post","status-publish","format-standard","has-post-thumbnail","hentry","category-archives-web"],"_links":{"self":[{"href":"https:\/\/archives.regards.fr\/index.php?rest_route=\/wp\/v2\/posts\/5564","targetHints":{"allow":["GET"]}}],"collection":[{"href":"https:\/\/archives.regards.fr\/index.php?rest_route=\/wp\/v2\/posts"}],"about":[{"href":"https:\/\/archives.regards.fr\/index.php?rest_route=\/wp\/v2\/types\/post"}],"author":[{"embeddable":true,"href":"https:\/\/archives.regards.fr\/index.php?rest_route=\/wp\/v2\/users\/558"}],"replies":[{"embeddable":true,"href":"https:\/\/archives.regards.fr\/index.php?rest_route=%2Fwp%2Fv2%2Fcomments&post=5564"}],"version-history":[{"count":0,"href":"https:\/\/archives.regards.fr\/index.php?rest_route=\/wp\/v2\/posts\/5564\/revisions"}],"wp:featuredmedia":[{"embeddable":true,"href":"https:\/\/archives.regards.fr\/index.php?rest_route=\/wp\/v2\/media\/16683"}],"wp:attachment":[{"href":"https:\/\/archives.regards.fr\/index.php?rest_route=%2Fwp%2Fv2%2Fmedia&parent=5564"}],"wp:term":[{"taxonomy":"category","embeddable":true,"href":"https:\/\/archives.regards.fr\/index.php?rest_route=%2Fwp%2Fv2%2Fcategories&post=5564"},{"taxonomy":"post_tag","embeddable":true,"href":"https:\/\/archives.regards.fr\/index.php?rest_route=%2Fwp%2Fv2%2Ftags&post=5564"}],"curies":[{"name":"wp","href":"https:\/\/api.w.org\/{rel}","templated":true}]}}