{"id":5540,"date":"2012-09-09T12:08:00","date_gmt":"2012-09-09T10:08:00","guid":{"rendered":"https:\/\/wp.muchomaas.com\/une-gauche5540\/"},"modified":"2012-09-09T12:08:00","modified_gmt":"2012-09-09T10:08:00","slug":"une-gauche5540","status":"publish","type":"post","link":"https:\/\/archives.regards.fr\/?p=5540","title":{"rendered":"Une gauche"},"content":{"rendered":"<p class=\"post_excerpt\">antiraciste<\/p>\n<p>L\u2019histoire du capitalisme montre<br \/>\nque la formation des classes<br \/>\nsociales est indissociable de leur<br \/>\nracialisation. Or les perspectives<br \/>\nde la gauche intellectuelle et<br \/>\npolitique, oppos\u00e9e par principe<br \/>\nau racisme, contribuent \u00e0<br \/>\nrestreindre toute discussion<br \/>\nth\u00e9orique sur ce sujet. Soucieux<br \/>\nde faire resurgir le probl\u00e8me<br \/>\ndes discriminations raciales, les<br \/>\nauteurs de ce recueil proposent<br \/>\nde r\u00e9fl\u00e9chir \u00e0 la question ethnique,<br \/>\ncomme \u00e9l\u00e9ment d\u2019analyse<br \/>\ndes structures sociales et des<br \/>\nm\u00e9canismes de r\u00e9partition du<br \/>\npouvoir. Ils rappellent aussi que<br \/>\nl\u2019extr\u00eame gauche s\u2019est parfois<br \/>\nrendue complice des processus<br \/>\nde domination raciale. <\/p>\n","protected":false},"excerpt":{"rendered":"<p>antiraciste<\/p>\n","protected":false},"author":1,"featured_media":16630,"comment_status":"open","ping_status":"open","sticky":false,"template":"","format":"standard","meta":{"_themeisle_gutenberg_block_has_review":false,"footnotes":""},"categories":[111],"tags":[392],"class_list":["post-5540","post","type-post","status-publish","format-standard","has-post-thumbnail","hentry","category-nos-selections","tag-essai"],"_links":{"self":[{"href":"https:\/\/archives.regards.fr\/index.php?rest_route=\/wp\/v2\/posts\/5540","targetHints":{"allow":["GET"]}}],"collection":[{"href":"https:\/\/archives.regards.fr\/index.php?rest_route=\/wp\/v2\/posts"}],"about":[{"href":"https:\/\/archives.regards.fr\/index.php?rest_route=\/wp\/v2\/types\/post"}],"author":[{"embeddable":true,"href":"https:\/\/archives.regards.fr\/index.php?rest_route=\/wp\/v2\/users\/1"}],"replies":[{"embeddable":true,"href":"https:\/\/archives.regards.fr\/index.php?rest_route=%2Fwp%2Fv2%2Fcomments&post=5540"}],"version-history":[{"count":0,"href":"https:\/\/archives.regards.fr\/index.php?rest_route=\/wp\/v2\/posts\/5540\/revisions"}],"wp:featuredmedia":[{"embeddable":true,"href":"https:\/\/archives.regards.fr\/index.php?rest_route=\/wp\/v2\/media\/16630"}],"wp:attachment":[{"href":"https:\/\/archives.regards.fr\/index.php?rest_route=%2Fwp%2Fv2%2Fmedia&parent=5540"}],"wp:term":[{"taxonomy":"category","embeddable":true,"href":"https:\/\/archives.regards.fr\/index.php?rest_route=%2Fwp%2Fv2%2Fcategories&post=5540"},{"taxonomy":"post_tag","embeddable":true,"href":"https:\/\/archives.regards.fr\/index.php?rest_route=%2Fwp%2Fv2%2Ftags&post=5540"}],"curies":[{"name":"wp","href":"https:\/\/api.w.org\/{rel}","templated":true}]}}