{"id":5533,"date":"2012-09-17T11:58:00","date_gmt":"2012-09-17T09:58:00","guid":{"rendered":"https:\/\/wp.muchomaas.com\/zeller-millet-et-cusset5533\/"},"modified":"2023-06-23T23:11:55","modified_gmt":"2023-06-23T21:11:55","slug":"zeller-millet-et-cusset5533","status":"publish","type":"post","link":"https:\/\/archives.regards.fr\/?p=5533","title":{"rendered":"Zeller, Millet et Cusset"},"content":{"rendered":"<h2>Fictions politiques<\/h2>\n<p>C\u2019est une rentr\u00e9e litt\u00e9raire assez politique, finalement. Par exemple<br \/>\n<em>La Jouissance<\/em>, de Florian Zeller.<br \/>\nC\u2019est un roman facile \u00e0 lire, mais<br \/>\nqui, du fond de sa prose gentillette<br \/>\nronronne comme le moteur<br \/>\nd\u2019un frigo, quelque chose de politique.<br \/>\nQuoi ? Peut-\u00eatre ce qu\u2019on<br \/>\npourrait appeler le ventre mou de<br \/>\nla social-d\u00e9mocratie, ses ballonnements<br \/>\nqui finissent par la rendre<br \/>\nombrageuse. Zeller raconte l\u2019histoire<br \/>\nd\u2019amour de deux jeunes trentenaires,<br \/>\nparisiens, modernes, des<br \/>\nbobos en somme, un peu, si l\u2019on<br \/>\nveut, comme Georges Perec l\u2019avait<br \/>\nfait \u00e0 la fin des ann\u00e9es 1960 dans<br \/>\n<em>Les Choses<\/em>. En moins subversif<br \/>\ntout de m\u00eame. Il y avait chez ce<br \/>\ndernier une attaque en piqu\u00e9 du<br \/>\ncapitalisme, quand on l\u2019appelait<br \/>\nencore la soci\u00e9t\u00e9 de consommation,<br \/>\nqu\u2019on ne retrouvera certainement pas ici. Nos bourgeois boh\u00e8mes s\u2019appellent Nicolas<br \/>\net Pauline et comme chez Perec, ce sont moins<br \/>\ndes personnages (ils sont tr\u00e8s peu incarn\u00e9s) que<br \/>\ndes st\u00e9r\u00e9otypes sociologiques. Car \u00e0 travers eux et<br \/>\nleur histoire convenue (ils se rencontrent, s\u2019installent<br \/>\nensemble, font un enfant puis se s\u00e9parent), Zeller entend<br \/>\nposer des questions d\u2019importance : \u00ab <em>Sommes-nous<br \/>\nd\u00e9sormais \u00e9cras\u00e9s par la tyrannie de la jouissance<br \/>\n? <\/em> \u00bb Une expression qu\u2019il repeint d\u2019italiques tant<br \/>\nil en semble heureux. Ou encore : \u00ab <em>Avons-nous compl\u00e8tement<br \/>\nperdu le sens du sacrifice ?<\/em> \u00bb Zeller note<br \/>\nen effet qu\u2019aujourd\u2019hui, un premier enfant cimente<br \/>\nmoins un couple qu\u2019il ne semble impliquer son imm\u00e9diate<br \/>\ndestruction, \u00ab <em>comme si, pour la premi\u00e8re<br \/>\nfois dans l\u2019humanit\u00e9, nous avions en quelque sorte<br \/>\nd\u00e9sappris \u00e0 faire des enfants <\/em> \u00bb. Passons sur le c\u00f4t\u00e9<br \/>\ntr\u00e8s petit blanc h\u00e9t\u00e9rocentr\u00e9 relatif de l\u2019observation,<br \/>\npour dire que cette histoire de d\u00e9sunion est racont\u00e9e<br \/>\nparall\u00e8lement avec celle de\u2026 l\u2019Union europ\u00e9enne.<br \/>\nQu\u2019est-ce que Zeller veut signifier par ce rapprochement<br \/>\n? Que l\u2019Europe, apr\u00e8s avoir con\u00e7u un enfant (la<br \/>\nr\u00e9conciliation franco-allemande ? La paix ?) va vers<br \/>\nl\u2019implosion ? Que nous, Europ\u00e9ens, avons perdu le<br \/>\nsens du sacrifice (m\u00eame si, avec la rigueur, on le<br \/>\nsent bien passer) ? Rassurez-vous, Florian Zeller ne<br \/>\nr\u00e9pond \u00e0 aucune de ses graves questions dans son<br \/>\nlivre facile, voire agr\u00e9able. \u00c0 la derni\u00e8re page il confie<br \/>\nm\u00eame \u00e0 son lecteur : \u00ab <em>Je ne sais plus tr\u00e8s bien ce<br \/>\nque je raconte.<\/em> \u00bb Admettons en effet que \u00e7a tombe<br \/>\nsous le sens.<\/p>\n<h2>Ennemi<\/h2>\n<p>Un qui sait tr\u00e8s bien ce qu\u2019il raconte en revanche,<br \/>\nc\u2019est Richard Millet. Longtemps, il fut un \u00e9crivain<br \/>\ndiscret, quoique prolifique, ainsi qu\u2019un \u00e9diteur (chez<br \/>\nGallimard \u2014 membre de son comit\u00e9 de lecture, il a<br \/>\ndonc approuv\u00e9 le Zeller, mais on se demande ce<br \/>\nqu\u2019il en pense, au fond). Et puis il est sorti du placard<br \/>\nen racontant qu\u2019il avait combattu au Liban dans les<br \/>\nann\u00e9es 1970 au sein des milices chr\u00e9tiennes (car<br \/>\nil est catholique), qu\u2019il avait \u00ab<em> tu\u00e9 des hommes, des<br \/>\nfemmes, des vieillards, peut-\u00eatre des enfants <\/em> \u00bb et<br \/>\nque franchement, ne serait-ce que d\u2019un point de<br \/>\nvue litt\u00e9raire, \u00e7a faisait une \u00e9norme diff\u00e9rence avec<br \/>\nles planqu\u00e9s de ce que Richard Millet nomme avec<br \/>\nd\u00e9dain \u00ab <em>la postlitt\u00e9rature<\/em> \u00bb. On caricature \u00e0 peine.<br \/>\nBref, on l\u2019aura compris, Richard Millet nous la joue<br \/>\n\u00ab <em>vieux con r\u00e9actionnaire <\/em> \u00bb. Et gr\u00e2ce \u00e0 des hautparleurs<br \/>\ncomme l\u2019\u00e9mission de Fr\u00e9d\u00e9ric Tadd\u00e9\u00ef, il a pu<br \/>\ns\u2019\u00e9pandre sur le profond sentiment de solitude, de<br \/>\nd\u00e9sarroi et, en somme d\u2019indignation, qu\u2019il \u00e9prouvait<br \/>\nquand dans le RER, seul Blanc, il \u00e9tait entour\u00e9 de<br \/>\nNoirs et d\u2019Arabes. Mani\u00e8re de dire, \u00e9videmment, qu\u2019il<br \/>\nest un \u00e9crivain qui prend le RER, ce qui nous touche<br \/>\nquand m\u00eame moins depuis que l\u2019on a vu \u00e0 la t\u00e9l\u00e9 des<br \/>\nministres \u00e9cologistes qui le prenaient aussi, avec<br \/>\nleurs agents de s\u00e9curit\u00e9 au bord de la crise de nerfs.<br \/>\nLe protestantisme des uns faisant naturellement le<br \/>\nmalheur des autres. Bref, en cette rentr\u00e9e litt\u00e9raire,<br \/>\nMillet sort trois petits livres. L\u2019un est un r\u00e9cit qui d\u00e9bute,<br \/>\nben tiens, dans le RER o\u00f9 le narrateur observe \u00ab <em>avec<br \/>\ncuriosit\u00e9<\/em> \u00bb des Roms, \u00ab<em> ethnie<\/em> \u00bb dont \u00ab<em> la laideur<br \/>\ng\u00e9n\u00e9rale le fascine<\/em> \u00bb. L\u2019autre est un pamphlet intitul\u00e9<br \/>\n<em>De l\u2019antiracisme comme terreur litt\u00e9raire<\/em>. C\u2019est<br \/>\nclair. Ne dites surtout pas \u00e0 Millet qu\u2019il est raciste,<br \/>\ncar il n\u2019y verra que de la propagande communiste.<br \/>\nDans un troisi\u00e8me, il fait l\u2019\u00e9loge \u00ab litt\u00e9raire \u00bb (il fallait<br \/>\ny penser) d\u2019Anders Breivik. Bien s\u00fbr, il condamne<br \/>\nles crimes du Norv\u00e9gien, et plut\u00f4t deux fois<br \/>\nqu\u2019une, mais\u2026 Car \u00e9videmment,<br \/>\non ne vous le cache pas, il y<br \/>\na un mais\u2026<\/p>\n<h2>Ami<\/h2>\n<p>Alors, comment vous dire ? Apr\u00e8s<br \/>\ncela, on est heureux de lire <em>\u00c0 l\u2019abri<br \/>\ndu d\u00e9clin du monde<\/em>, de Fran\u00e7ois<br \/>\nCusset. Lui au moins, est de notre<br \/>\nc\u00f4t\u00e9 de la barricade. D\u2019ailleurs, son<br \/>\npremier roman commence par la<br \/>\ndescription on ne peut plus r\u00e9aliste<br \/>\nd\u2019une journ\u00e9e r\u00e9volutionnaire dans<br \/>\nle Paris d\u2019aujourd\u2019hui. Le peuple<br \/>\ninsurrectionnel arrive m\u00eame \u00e0<br \/>\nse masser devant les grilles de<br \/>\nl\u2019\u00c9lys\u00e9e. Mais soudain, comme le<br \/>\n29 mai 1968, il renonce \u00e0 prendre<br \/>\nle pouvoir. On se demande bien<br \/>\npourquoi. Par sens du sacrifice,<br \/>\ncomme dirait Florian Zeller ? La<br \/>\nr\u00e9ponse de Cusset dans ce roman<br \/>\nest beaucoup plus belle. Il raconte<br \/>\ncomment une g\u00e9n\u00e9ration \u2014 la<br \/>\nn\u00f4tre ? \u2014 aura essay\u00e9 de construire<br \/>\nsa vie en n\u2019\u00e9tant ni dominant<br \/>\nni soumis. \u00c0 l\u2019abri du d\u00e9clin<br \/>\ndu monde.<\/p>\n<div id='gallery-1' class='gallery galleryid-5533 gallery-columns-3 gallery-size-thumbnail'><figure class='gallery-item'>\n\t\t\t<div class='gallery-icon landscape'>\n\t\t\t\t<a href='https:\/\/archives.regards.fr\/wp-content\/uploads\/2012\/09\/millets-3be.jpg'><img loading=\"lazy\" decoding=\"async\" width=\"150\" height=\"150\" src=\"https:\/\/archives.regards.fr\/wp-content\/uploads\/2012\/09\/millets-3be-150x150.jpg\" class=\"attachment-thumbnail size-thumbnail\" alt=\"Zeller, Millet et Cusset\" aria-describedby=\"gallery-1-16616\" \/><\/a>\n\t\t\t<\/div>\n\t\t\t\t<figcaption class='wp-caption-text gallery-caption' id='gallery-1-16616'>\n\t\t\t\tZeller, Millet et Cusset\n\t\t\t\t<\/figcaption><\/figure><figure class='gallery-item'>\n\t\t\t<div class='gallery-icon landscape'>\n\t\t\t\t<a href='https:\/\/archives.regards.fr\/wp-content\/uploads\/2012\/09\/millet-fac.jpg'><img loading=\"lazy\" decoding=\"async\" width=\"150\" height=\"150\" src=\"https:\/\/archives.regards.fr\/wp-content\/uploads\/2012\/09\/millet-fac-150x150.jpg\" class=\"attachment-thumbnail size-thumbnail\" alt=\"millet.jpg\" \/><\/a>\n\t\t\t<\/div><\/figure>\n\t\t<\/div>\n\n","protected":false},"excerpt":{"rendered":"<p>Fictions politiques C\u2019est une rentr\u00e9e litt\u00e9raire assez politique, finalement. Par exemple La Jouissance, de Florian Zeller. C\u2019est un roman facile \u00e0 lire, mais qui, du fond de sa prose gentillette ronronne comme le moteur d\u2019un frigo, quelque chose de politique. Quoi ? Peut-\u00eatre ce qu\u2019on pourrait appeler le ventre mou de la social-d\u00e9mocratie, ses ballonnements [&hellip;]<\/p>\n","protected":false},"author":1,"featured_media":16616,"comment_status":"open","ping_status":"open","sticky":false,"template":"","format":"standard","meta":{"_themeisle_gutenberg_block_has_review":false,"footnotes":""},"categories":[141],"tags":[357],"class_list":["post-5533","post","type-post","status-publish","format-standard","has-post-thumbnail","hentry","category-archives-web","tag-chronique"],"_links":{"self":[{"href":"https:\/\/archives.regards.fr\/index.php?rest_route=\/wp\/v2\/posts\/5533","targetHints":{"allow":["GET"]}}],"collection":[{"href":"https:\/\/archives.regards.fr\/index.php?rest_route=\/wp\/v2\/posts"}],"about":[{"href":"https:\/\/archives.regards.fr\/index.php?rest_route=\/wp\/v2\/types\/post"}],"author":[{"embeddable":true,"href":"https:\/\/archives.regards.fr\/index.php?rest_route=\/wp\/v2\/users\/1"}],"replies":[{"embeddable":true,"href":"https:\/\/archives.regards.fr\/index.php?rest_route=%2Fwp%2Fv2%2Fcomments&post=5533"}],"version-history":[{"count":0,"href":"https:\/\/archives.regards.fr\/index.php?rest_route=\/wp\/v2\/posts\/5533\/revisions"}],"wp:featuredmedia":[{"embeddable":true,"href":"https:\/\/archives.regards.fr\/index.php?rest_route=\/wp\/v2\/media\/16616"}],"wp:attachment":[{"href":"https:\/\/archives.regards.fr\/index.php?rest_route=%2Fwp%2Fv2%2Fmedia&parent=5533"}],"wp:term":[{"taxonomy":"category","embeddable":true,"href":"https:\/\/archives.regards.fr\/index.php?rest_route=%2Fwp%2Fv2%2Fcategories&post=5533"},{"taxonomy":"post_tag","embeddable":true,"href":"https:\/\/archives.regards.fr\/index.php?rest_route=%2Fwp%2Fv2%2Ftags&post=5533"}],"curies":[{"name":"wp","href":"https:\/\/api.w.org\/{rel}","templated":true}]}}