{"id":5532,"date":"2012-09-17T11:57:00","date_gmt":"2012-09-17T09:57:00","guid":{"rendered":"https:\/\/wp.muchomaas.com\/musees-sous-objectif5532\/"},"modified":"2023-06-23T23:11:55","modified_gmt":"2023-06-23T21:11:55","slug":"musees-sous-objectif5532","status":"publish","type":"post","link":"https:\/\/archives.regards.fr\/?p=5532","title":{"rendered":"Mus\u00e9es sous objectif"},"content":{"rendered":"<p class=\"post_excerpt\">CULTURE PARK, la chronique de Bernard Hasquenoph &#8211; <a href=\"http:\/\/www.louvrepourtous.fr\/\">louvrepourtous.fr<\/a><\/p>\n<p>Prendre des photos dans un mus\u00e9e : le sujet peut para\u00eetre<br \/>\nanecdotique et la pratique \u00e9nervante quand une foule mitraille un<br \/>\nm\u00eame chef-d\u2019oeuvre, rendant impossible le face-\u00e0-face intime avec<br \/>\ncelui-ci. Mais qu\u2019est-ce qui est ici le plus g\u00eanant ? Les photographes<br \/>\namateurs ou l\u2019affluence mal g\u00e9r\u00e9e ?<\/p>\n<p>En ce d\u00e9but de xxie si\u00e8cle, photographier ou filmer est devenu un<br \/>\ngeste \u2013 facilit\u00e9 par la vari\u00e9t\u00e9 des supports (appareil photo, t\u00e9l\u00e9phone<br \/>\nportable, tablette num\u00e9rique) \u2013 aussi naturel que respirer. Les visiteurs<br \/>\nde mus\u00e9e ont suivi le mouvement. L\u2019objectif, loin de remplacer le<br \/>\nregard, pour beaucoup le prolonge et l\u2019accompagne. Le st\u00e9r\u00e9otype<br \/>\ndu touriste photographe compulsif, forc\u00e9ment \u00e9tranger, est r\u00e9ducteur.<br \/>\nIl y a en effet mille raisons de s\u2019adonner \u00e0 ce plaisir : isoler un d\u00e9tail,<br \/>\navoir \u00e0 sa disposition un aide-m\u00e9moire de travail, conserver la trace<br \/>\nd\u2019une ambiance, observer les visiteurs, faire acte de cr\u00e9ation\u2026Sans<br \/>\noublier les \u00e9tranges rituels d\u2019appropriation, comme celui qui consiste<br \/>\n\u00e0 poser devant une oeuvre, seul ou en couple, ou \u00e0 mimer par jeu les<br \/>\npostures figur\u00e9es sur la toile. Pourquoi s\u2019en moquer ? Y aurait-il une<br \/>\nbonne et de mauvaises fa\u00e7ons de vivre le mus\u00e9e ?<\/p>\n<p>Il demeure l\u00e9gitime d\u2019interdire le flash, non pour sa nocivit\u00e9 qui<br \/>\nest une l\u00e9gende, mais pour le confort visuel de tous. En revanche,<br \/>\nprohiber l\u2019usage de l\u2019appareil photo comme le fait le mus\u00e9e d\u2019Orsay \u00e0<br \/>\nParis depuis 2010, sous pr\u00e9texte qu\u2019il ralentirait les flux, est \u00e0 contrecourant.<br \/>\nUn mouvement de r\u00e9sistance baptis\u00e9 OrsayCommons<br \/>\nest n\u00e9 sur Internet, puis un groupe de r\u00e9flexion s\u2019est constitu\u00e9 au<br \/>\nminist\u00e8re de la Culture. Combien d\u2019autres \u00e9tablissements ont, au<br \/>\ncontraire, compris le b\u00e9n\u00e9fice \u00e0 tirer de cette pratique g\u00e9n\u00e9ralis\u00e9e ?<br \/>\nLes concours de photo fleurissent, rapprochant le visiteur de<br \/>\nl\u2019institution et le rendant acteur de sa visite.<\/p>\n<p>Cet \u00e9t\u00e9, la chanteuse colombienne Shakira, de passage \u00e0 Paris, s\u2019est<br \/>\nrendue au mus\u00e9e d\u2019Orsay. Elle y a \u00ab vol\u00e9 \u00bb une photo d\u2019elle posant<br \/>\ndevant l\u2019Olympia de Manet. Un instant d\u2019\u00e9motion artistique qu\u2019elle a<br \/>\npartag\u00e9 avec ses 53 millions de fans sur <a href=\"http:\/\/www.facebook.com\/photo.php?fbid=10151179028909560&#038;set=a.142708799559.109364.5027904559&#038;type=1&#038;theater\">Facebook<\/a>. Le lendemain,<br \/>\nl\u2019image avait suscit\u00e9 250 000 \u00ab j\u2019aime \u00bb, 7 500 partages et 12 000<br \/>\ncommentaires. Quel mus\u00e9e serait assez fou pour refuser une telle<br \/>\npublicit\u00e9 ? La soir\u00e9e diapos entre amis d\u2019autrefois a laiss\u00e9 place au<br \/>\npartage interplan\u00e9taire via les r\u00e9seaux sociaux. Et si c\u2019\u00e9tait aussi \u00e7a,<br \/>\nla d\u00e9mocratisation ?<div id='gallery-1' class='gallery galleryid-5532 gallery-columns-3 gallery-size-thumbnail'><figure class='gallery-item'>\n\t\t\t<div class='gallery-icon landscape'>\n\t\t\t\t<a href='https:\/\/archives.regards.fr\/wp-content\/uploads\/2012\/09\/orsays-d2d.jpg'><img loading=\"lazy\" decoding=\"async\" width=\"150\" height=\"150\" src=\"https:\/\/archives.regards.fr\/wp-content\/uploads\/2012\/09\/orsays-d2d-150x150.jpg\" class=\"attachment-thumbnail size-thumbnail\" alt=\"Mus\u00e9es sous objectif\" aria-describedby=\"gallery-1-16613\" \/><\/a>\n\t\t\t<\/div>\n\t\t\t\t<figcaption class='wp-caption-text gallery-caption' id='gallery-1-16613'>\n\t\t\t\tMus\u00e9es sous objectif\n\t\t\t\t<\/figcaption><\/figure><figure class='gallery-item'>\n\t\t\t<div class='gallery-icon landscape'>\n\t\t\t\t<a href='https:\/\/archives.regards.fr\/wp-content\/uploads\/2012\/09\/orsayc-b23.jpg'><img loading=\"lazy\" decoding=\"async\" width=\"80\" height=\"55\" src=\"https:\/\/archives.regards.fr\/wp-content\/uploads\/2012\/09\/orsayc-b23.jpg\" class=\"attachment-thumbnail size-thumbnail\" alt=\"Mus\u00e9es sous objectif\" aria-describedby=\"gallery-1-16614\" \/><\/a>\n\t\t\t<\/div>\n\t\t\t\t<figcaption class='wp-caption-text gallery-caption' id='gallery-1-16614'>\n\t\t\t\tMus\u00e9es sous objectif\n\t\t\t\t<\/figcaption><\/figure>\n\t\t<\/div>\n<\/p>\n","protected":false},"excerpt":{"rendered":"<p>CULTURE PARK, la chronique de Bernard Hasquenoph &#8211; <a href=\"http:\/\/www.louvrepourtous.fr\/\">louvrepourtous.fr<\/a><\/p>\n","protected":false},"author":625,"featured_media":16613,"comment_status":"open","ping_status":"open","sticky":false,"template":"","format":"standard","meta":{"_themeisle_gutenberg_block_has_review":false,"footnotes":""},"categories":[141],"tags":[357],"class_list":["post-5532","post","type-post","status-publish","format-standard","has-post-thumbnail","hentry","category-archives-web","tag-chronique"],"_links":{"self":[{"href":"https:\/\/archives.regards.fr\/index.php?rest_route=\/wp\/v2\/posts\/5532","targetHints":{"allow":["GET"]}}],"collection":[{"href":"https:\/\/archives.regards.fr\/index.php?rest_route=\/wp\/v2\/posts"}],"about":[{"href":"https:\/\/archives.regards.fr\/index.php?rest_route=\/wp\/v2\/types\/post"}],"author":[{"embeddable":true,"href":"https:\/\/archives.regards.fr\/index.php?rest_route=\/wp\/v2\/users\/625"}],"replies":[{"embeddable":true,"href":"https:\/\/archives.regards.fr\/index.php?rest_route=%2Fwp%2Fv2%2Fcomments&post=5532"}],"version-history":[{"count":0,"href":"https:\/\/archives.regards.fr\/index.php?rest_route=\/wp\/v2\/posts\/5532\/revisions"}],"wp:featuredmedia":[{"embeddable":true,"href":"https:\/\/archives.regards.fr\/index.php?rest_route=\/wp\/v2\/media\/16613"}],"wp:attachment":[{"href":"https:\/\/archives.regards.fr\/index.php?rest_route=%2Fwp%2Fv2%2Fmedia&parent=5532"}],"wp:term":[{"taxonomy":"category","embeddable":true,"href":"https:\/\/archives.regards.fr\/index.php?rest_route=%2Fwp%2Fv2%2Fcategories&post=5532"},{"taxonomy":"post_tag","embeddable":true,"href":"https:\/\/archives.regards.fr\/index.php?rest_route=%2Fwp%2Fv2%2Ftags&post=5532"}],"curies":[{"name":"wp","href":"https:\/\/api.w.org\/{rel}","templated":true}]}}